{"id":15681,"date":"2023-03-05T18:44:04","date_gmt":"2023-03-05T17:44:04","guid":{"rendered":"https:\/\/www.msjilove.cz\/?p=15681"},"modified":"2023-03-05T20:55:39","modified_gmt":"2023-03-05T19:55:39","slug":"tydenni-plan-navrhovanych-cinnosti-10-3-14-3-2023","status":"publish","type":"post","link":"https:\/\/msjilove.cz\/?p=15681","title":{"rendered":"T\u00fddenn\u00ed pl\u00e1n navrhovan\u00fdch \u010dinnost\u00ed 6.3. &#8211; 10.3.2023"},"content":{"rendered":"<p><strong>T\u00fddenn\u00ed pl\u00e1n navrhovan\u00fdch \u010dinnost\u00ed 6.3. &#8211; 10.3.2023<br \/>\n<\/strong><\/p>\n<p><strong>T\u00e9ma:<\/strong> Jaro \u0165uk\u00e1 na vr\u00e1tka<\/p>\n<p><strong>Podt\u00e9ma:<\/strong> Zm\u011bny v p\u0159\u00edrod\u011b \u2013 obl\u00e9k\u00e1n\u00ed, po\u010das\u00ed, prodlu\u017euje se den a zkracuje se noc<\/p>\n<p><strong>C\u00edl<\/strong>: Sezn\u00e1men\u00ed d\u011bt\u00ed s\u00a0v\u00fdznamem jara, prost\u0159ednictv\u00edm pozorov\u00e1n\u00ed. \u010cast\u011bji sly\u0161\u00edme zp\u00edvat pt\u00e1ky, za\u010d\u00ednaj\u00ed bzu\u010det v\u010delky, mouchy, m\u016f\u017eeme naj\u00edt mravence a dal\u0161\u00ed hmyz.<\/p>\n<p><strong>Komunitn\u00ed kruh: <\/strong><\/p>\n<ul>\n<li>Jak jsme pro\u017eili v\u00edkend<\/li>\n<li>Sezn\u00e1men\u00ed s t\u00e9matem<\/li>\n<li>Opakov\u00e1n\u00ed dn\u016f v t\u00fddn\u016f, opakov\u00e1n\u00ed m\u011bs\u00edc\u016f<\/li>\n<li>Jak\u00e9 je po\u010das\u00ed, co si obl\u00e9k\u00e1me<\/li>\n<li>Co n\u00e1m za\u010d\u00edn\u00e1 kv\u00e9st<\/li>\n<\/ul>\n<p><strong>T\u011blesn\u00e9 a pohybov\u00e9 dovednosti:<\/strong><\/p>\n<ul>\n<li>Protahovac\u00ed a lokomo\u010dn\u00ed cviky<\/li>\n<li>Ch\u016fze v\u00a0nerovn\u00e9m ter\u00e9nu \u2013 opi\u010d\u00ed dr\u00e1ha<\/li>\n<li>Relaxace<\/li>\n<li>PH: Na slun\u00ed\u010dko<\/li>\n<\/ul>\n<p><em><strong>Hudebn\u00ed a recita\u010dn\u00ed \u010dinnosti:<\/strong><\/em><\/p>\n<ul>\n<li><em>Jaro, l\u00e9to\u2026.<\/em><\/li>\n<li><em>Opakov\u00e1n\u00ed ji\u017e nau\u010den\u00fdch p\u00edsni\u010dek<\/em><\/li>\n<li><em>B\u00e1sni\u010dka Jaro<\/em><\/li>\n<\/ul>\n<p>Do zahr\u00e1dky p\u0159i\u0161lo jaro,<br \/>\ncopak se tam asi stalo?<br \/>\nRozkvetly n\u00e1m kyti\u010dky,<br \/>\nnarcis, krokus, ko\u010di\u010dky.<br \/>\nV\u010deli\u010dka k nim pr\u00e1v\u011b let\u00ed,<br \/>\npod\u00edvejte tamhle d\u011bti.<\/p>\n<p><em>\u00a0<\/em><\/p>\n<p><strong>V\u00fdtvarn\u00e9 \u010dinnosti:<\/strong><\/p>\n<p>\u2022 Jarn\u00ed kyti\u010dku nebo slun\u00ed\u010dko nakresl\u00edme tu\u017ekou a tvar vypln\u00edme a nalep\u00edme z kousk\u016f barevn\u00e9ho pap\u00edru a nalep\u00edme<br \/>\n\u2022 P\u011bstitelsk\u00fd pokus \u2013 zasejeme sem\u00ednko a budeme pozorovat, jak roste<br \/>\n\u2022 Pr\u00e1ce s model\u00ednou<\/p>\n<p><strong>Logo:<\/strong><br \/>\n\u2022 Gymnastika mluvidel<br \/>\n\u2022 Sluchov\u00e1 percepce \u2013 opakuj prvn\u00ed hl\u00e1sku<\/p>\n<p><strong>Ostatn\u00ed :<\/strong><br \/>\n\u2022 T\u00e9matick\u00e9 omalov\u00e1nky<br \/>\n\u2022 Pracovn\u00ed listy s jarn\u00ed t\u00e9matikou<br \/>\n\u2022 P\u011bstitelsk\u00fd pokus \u2013 zasejeme sem\u00ednko a budeme pozorovat, jak roste<\/p>\n<p><em><strong>EVVO: &#8211; 2.1.2. \u2013 Pozn\u00e1v\u00e1n\u00ed p\u0159\u00edrody v jej\u00ed rozmanitosti a kr\u00e1se<\/strong><\/em><\/p>\n<p><em>\u00a0<\/em><\/p>\n<p><em><strong>Pou\u010den\u00ed: Nepov\u011b\u0159ovat d\u011bti poch\u016fzkami, vy\u0159izov\u00e1n\u00edm vzkaz\u016f a p\u0159en\u00e1\u0161en\u00edm objemn\u00fdch nebo t\u011b\u017ek\u00fdch p\u0159edm\u011bt\u016f. <\/strong><\/em><\/p>\n<p><em><strong>Sezn\u00e1mit d\u011bti se z\u00e1sadami dopravn\u00edch situac\u00ed, p\u0159ech\u00e1zen\u00ed p\u0159es silnici apod.<\/strong><\/em><\/p>\n<p><em>\u00a0<\/em><\/p>\n","protected":false},"excerpt":{"rendered":"<p>T\u00fddenn\u00ed pl\u00e1n navrhovan\u00fdch \u010dinnost\u00ed 6.3. &#8211; 10.3.2023 T\u00e9ma: Jaro \u0165uk\u00e1 na vr\u00e1tka Podt\u00e9ma: Zm\u011bny v p\u0159\u00edrod\u011b \u2013 obl\u00e9k\u00e1n\u00ed, po\u010das\u00ed, prodlu\u017euje se den a zkracuje se noc C\u00edl: Sezn\u00e1men\u00ed d\u011bt\u00ed s\u00a0v\u00fdznamem [&hellip;]<\/p>\n","protected":false},"author":8,"featured_media":0,"comment_status":"open","ping_status":"open","sticky":false,"template":"","format":"standard","meta":{"footnotes":""},"categories":[47],"tags":[],"class_list":["post-15681","post","type-post","status-publish","format-standard","hentry","category-ms-pod-skolkou-aktuality-slunata"],"_links":{"self":[{"href":"https:\/\/msjilove.cz\/index.php?rest_route=\/wp\/v2\/posts\/15681","targetHints":{"allow":["GET"]}}],"collection":[{"href":"https:\/\/msjilove.cz\/index.php?rest_route=\/wp\/v2\/posts"}],"about":[{"href":"https:\/\/msjilove.cz\/index.php?rest_route=\/wp\/v2\/types\/post"}],"author":[{"embeddable":true,"href":"https:\/\/msjilove.cz\/index.php?rest_route=\/wp\/v2\/users\/8"}],"replies":[{"embeddable":true,"href":"https:\/\/msjilove.cz\/index.php?rest_route=%2Fwp%2Fv2%2Fcomments&post=15681"}],"version-history":[{"count":5,"href":"https:\/\/msjilove.cz\/index.php?rest_route=\/wp\/v2\/posts\/15681\/revisions"}],"predecessor-version":[{"id":15689,"href":"https:\/\/msjilove.cz\/index.php?rest_route=\/wp\/v2\/posts\/15681\/revisions\/15689"}],"wp:attachment":[{"href":"https:\/\/msjilove.cz\/index.php?rest_route=%2Fwp%2Fv2%2Fmedia&parent=15681"}],"wp:term":[{"taxonomy":"category","embeddable":true,"href":"https:\/\/msjilove.cz\/index.php?rest_route=%2Fwp%2Fv2%2Fcategories&post=15681"},{"taxonomy":"post_tag","embeddable":true,"href":"https:\/\/msjilove.cz\/index.php?rest_route=%2Fwp%2Fv2%2Ftags&post=15681"}],"curies":[{"name":"wp","href":"https:\/\/api.w.org\/{rel}","templated":true}]}}