{"id":15690,"date":"2023-03-06T07:04:10","date_gmt":"2023-03-06T06:04:10","guid":{"rendered":"https:\/\/www.msjilove.cz\/?p=15690"},"modified":"2023-03-08T07:13:37","modified_gmt":"2023-03-08T06:13:37","slug":"navrh-vzdelavacich-cinnosti-6-3-10-3-2023","status":"publish","type":"post","link":"https:\/\/msjilove.cz\/?p=15690","title":{"rendered":"N\u00e1vrh vzd\u011bl\u00e1vac\u00edch \u010dinnost\u00ed 6.3. &#8211; 10.3.2023"},"content":{"rendered":"<p><strong>T\u00e9ma: Zm\u011bny v p\u0159\u00edrod\u011b &#8211; co se d\u011bje s p\u0159\u00edrodou, obl\u00e9k\u00e1n\u00ed, po\u010das\u00ed, prodlu\u017euje se den a noc<\/strong><\/p>\n<p><strong>C\u00edle:<\/strong><br \/>\n&#8211; uv\u011bdom\u011bn\u00ed si zm\u011bn v p\u0159\u00edrod\u011b<br \/>\n&#8211; poznan\u00ed prvn\u00edch jarn\u00edch kyti\u010dek<br \/>\n&#8211; jemn\u00e1 a hrub\u00e1 motorika<\/p>\n<p><strong>Komunitn\u00ed kruh:<\/strong><br \/>\n&#8211; sezn\u00e1men\u00ed s t\u00e9matem<br \/>\n&#8211; co jsme d\u011blali o v\u00edkendu<br \/>\n&#8211; kalend\u00e1\u0159 p\u0159\u00edrody &#8211; jak\u00e9 je obdob\u00ed, jak\u00fd je m\u011bs\u00edc a jak\u00e9 m\u00e1me dan\u00fd den po\u010das\u00ed<br \/>\n&#8211; zrakov\u00fd labyrint<br \/>\n&#8211; prvn\u00ed a posledn\u00ed p\u00edsmeno<br \/>\n&#8211; jednotn\u00e9 a mno\u017en\u00e9 \u010d\u00edslo<br \/>\n&#8211; tematick\u00e9 pracovn\u00ed listy<br \/>\n&#8211; tematick\u00e9 omalov\u00e1nky<\/p>\n<p><strong>V\u00fdtvarn\u00e1 a pracovn\u00ed \u010dinnost:<\/strong><br \/>\n&#8211; pr\u00e1ce s model\u00ednou &#8211; prvn\u00ed jarn\u00ed kyti\u010dky<br \/>\n&#8211; tulip\u00e1ny<\/p>\n<p><strong>\u0158e\u010dov\u00e1 a p\u0159ed\u010dten\u00e1\u0159sk\u00e1 \u010dinnost:<\/strong><br \/>\n&#8211; co se d\u011bje s p\u0159\u00edrodou na ja\u0159e<br \/>\n&#8211; pojmenuj a poznej prvn\u00ed jarn\u00ed kyti\u010dky<br \/>\n&#8211; \u010detba p\u0159\u00edb\u011bhu a rozhovor o p\u0159\u00edb\u011bhu: Kdo probouz\u00ed jaro<br \/>\n: Jak se sn\u011b\u017eenky rozhodly, \u017ee na ja\u0159e nevykvetou<br \/>\n&#8211; zm\u011bny v obl\u00e9k\u00e1n\u00ed<\/p>\n<p><strong>P\u0159edmatematick\u00e9 \u010dinnosti:<br \/>\n<\/strong>&#8211; po\u010d\u00edt\u00e1me kyti\u010dky 1-10<br \/>\n&#8211; v\u00edce x m\u00e9n\u011b x stejn\u011b<\/p>\n<p><strong>Hudebn\u00ed \u010dinnost:<\/strong><br \/>\n&#8211; Jaro d\u011bl\u00e1 pokusy<br \/>\n&#8211; hra na hudebn\u00ed n\u00e1stroje, tlesk\u00e1n\u00ed, plesk\u00e1n\u00ed<\/p>\n<p><strong>T\u011blesn\u00e1 \u010dinnost:<\/strong><br \/>\n&#8211; p\u0159ek\u00e1\u017ekov\u00e1 dr\u00e1ha<br \/>\n&#8211; protahovac\u00ed cviky<br \/>\n&#8211; pohybov\u00e9 hry<br \/>\n&#8211; relaxace<\/p>\n<p><strong>B\u00e1sni\u010dka:<\/strong><br \/>\nSlun\u00ed\u010dko n\u00e1m vykukuje,<br \/>\np\u0159\u00edchod jara oznamuje.<br \/>\nU\u017e tu bude brzo s n\u00e1mi,<br \/>\nza\u010d\u00edn\u00e1 to sn\u011b\u017eenkami.<br \/>\nP\u0159idaj\u00ed se bledulky,<br \/>\npro kluky i pro holky.<br \/>\nPoj\u010fte, vyraz\u00edme ven,<br \/>\np\u0159iv\u00edtat tu jarn\u00ed den.<\/p>\n<p><strong>Logopedick\u00e9 chvilky:<\/strong><br \/>\n&#8211; dechov\u00e1 cvi\u010den\u00ed<br \/>\n&#8211; procvi\u010dov\u00e1n\u00ed mluvidel<br \/>\n<strong>Bezpe\u010dnost:<\/strong><br \/>\n&#8211; jak se chov\u00e1me v prostor\u00e1ch \u0161kolky<br \/>\n&#8211; nepl\u00fdtv\u00e1me vodou<br \/>\n<strong>EVVO:<\/strong> 2.1.1.1. Uv\u011bdom\u011bn\u00ed si souvislost\u00ed mezi st\u0159\u00edd\u00e1n\u00edm ro\u010dn\u00edch obdob\u00ed a zm\u011bnami v p\u0159\u00edrod\u011b<\/p>\n","protected":false},"excerpt":{"rendered":"<p>T\u00e9ma: Zm\u011bny v p\u0159\u00edrod\u011b &#8211; co se d\u011bje s p\u0159\u00edrodou, obl\u00e9k\u00e1n\u00ed, po\u010das\u00ed, prodlu\u017euje se den a noc C\u00edle: &#8211; uv\u011bdom\u011bn\u00ed si zm\u011bn v p\u0159\u00edrod\u011b &#8211; poznan\u00ed prvn\u00edch jarn\u00edch kyti\u010dek &#8211; [&hellip;]<\/p>\n","protected":false},"author":15,"featured_media":15691,"comment_status":"open","ping_status":"open","sticky":false,"template":"","format":"standard","meta":{"footnotes":""},"categories":[53],"tags":[],"class_list":["post-15690","post","type-post","status-publish","format-standard","has-post-thumbnail","hentry","category-ms-podskolkou-aktuality-tygrici"],"_links":{"self":[{"href":"https:\/\/msjilove.cz\/index.php?rest_route=\/wp\/v2\/posts\/15690","targetHints":{"allow":["GET"]}}],"collection":[{"href":"https:\/\/msjilove.cz\/index.php?rest_route=\/wp\/v2\/posts"}],"about":[{"href":"https:\/\/msjilove.cz\/index.php?rest_route=\/wp\/v2\/types\/post"}],"author":[{"embeddable":true,"href":"https:\/\/msjilove.cz\/index.php?rest_route=\/wp\/v2\/users\/15"}],"replies":[{"embeddable":true,"href":"https:\/\/msjilove.cz\/index.php?rest_route=%2Fwp%2Fv2%2Fcomments&post=15690"}],"version-history":[{"count":1,"href":"https:\/\/msjilove.cz\/index.php?rest_route=\/wp\/v2\/posts\/15690\/revisions"}],"predecessor-version":[{"id":15692,"href":"https:\/\/msjilove.cz\/index.php?rest_route=\/wp\/v2\/posts\/15690\/revisions\/15692"}],"wp:featuredmedia":[{"embeddable":true,"href":"https:\/\/msjilove.cz\/index.php?rest_route=\/wp\/v2\/media\/15691"}],"wp:attachment":[{"href":"https:\/\/msjilove.cz\/index.php?rest_route=%2Fwp%2Fv2%2Fmedia&parent=15690"}],"wp:term":[{"taxonomy":"category","embeddable":true,"href":"https:\/\/msjilove.cz\/index.php?rest_route=%2Fwp%2Fv2%2Fcategories&post=15690"},{"taxonomy":"post_tag","embeddable":true,"href":"https:\/\/msjilove.cz\/index.php?rest_route=%2Fwp%2Fv2%2Ftags&post=15690"}],"curies":[{"name":"wp","href":"https:\/\/api.w.org\/{rel}","templated":true}]}}