{"id":15847,"date":"2023-03-19T13:11:58","date_gmt":"2023-03-19T12:11:58","guid":{"rendered":"https:\/\/www.msjilove.cz\/?p=15847"},"modified":"2023-03-19T19:56:47","modified_gmt":"2023-03-19T18:56:47","slug":"navrh-cinnosti20-3-24-3-2023","status":"publish","type":"post","link":"https:\/\/msjilove.cz\/?p=15847","title":{"rendered":"N\u00e1vrh \u010dinnost\u00ed:20.3-24.3.2023"},"content":{"rendered":"<p>&nbsp;<\/p>\n<p><strong>T\u00fddenn\u00ed t\u00e9ma: prvn\u00ed jarn\u00ed kyti\u010dky, pu\u010d\u00ed stromy a ke\u0159e<\/strong><\/p>\n<p><strong>C\u00edle<\/strong>: Prohloubit znalosti o ro\u010dn\u00edm obdob\u00ed \u2013 Jaro. Procvi\u010dit grafomotoriku., jemnou motoriku, barvy<\/p>\n<p><strong>Komunitn\u00ed kruh<\/strong><\/p>\n<ul>\n<li>Poslech: Jak krtek a sk\u0159iv\u00e1nek p\u0159ivolali jaro<\/li>\n<li>Hodnocen\u00ed postav a d\u011bje \uf0b7 Spole\u010dn\u00e9 rozhovory o po\u010das\u00ed na ja\u0159e , prvn\u00edch jarn\u00edch kyti\u010dk\u00e1ch o tom jak se p\u0159\u00edroda probouz\u00ed po zimn\u00edm sp\u00e1nku, pocity v zim\u011b \u2013 na ja\u0159e.<\/li>\n<li>Barvy jara \u2013 \u017elut\u00e1, zelen\u00e1 \u2013 hled\u00e1n\u00ed barev po t\u0159\u00edd\u011b.<\/li>\n<li>Opakov\u00e1n\u00ed ro\u010dn\u00edch obdob\u00ed \u2013 t\u0159\u00edd\u011bn\u00ed obr\u00e1zk\u016f \u2013 rozhovory co se d\u011bje na podzim , v zim\u011b a na ja\u0159e.<\/li>\n<li>Ur\u010dov\u00e1n\u00ed prvn\u00edho p\u00edsmenka + po\u010det slabik<\/li>\n<\/ul>\n<p><strong>Probouz\u00edme slun\u00ed\u010dko hezk\u00fdm slovem. <\/strong><\/p>\n<ul>\n<li>Uprost\u0159ed kruhu sed\u00ed d\u00edt\u011b \u2013 Jaro. D\u011bti chod\u00ed k Jaru a probouz\u00ed jej hezk\u00fdm slovem, \u0159\u00edkaj\u00ed mu n\u011bco mil\u00e9ho, hlad\u00ed je to, co ho pot\u011b\u0161\u00ed a zah\u0159eje.<\/li>\n<\/ul>\n<p><strong>V\u00fdtvarn\u00e1 \u010dinnost<\/strong>:<\/p>\n<ul>\n<li>V\u00fdroba mrak\u016f a kapi\u010dek<\/li>\n<li>Rozkvetl\u00e1 louka<\/li>\n<li>Tvo\u0159\u00edme slun\u00ed\u010dko<\/li>\n<li>Sn\u011b\u017eenka<\/li>\n<li>Leporelo jarn\u00edch kyti\u010dek<\/li>\n<\/ul>\n<p><strong>B\u00e1\u0161e\u0148-hled\u00e1n\u00ed r\u00fdm\u016f<\/strong><\/p>\n<p>Zimo, zimo, t\u00e1hni pry\u010d,<\/p>\n<p>Nebo nat\u011b vezmu bi\u010d!<\/p>\n<p>Odt\u00e1hnu t\u011b za pa\u010desy,<\/p>\n<p>za ty hory, za ty lesy.<\/p>\n<p>A\u017e se vr\u00e1t\u00edm nazp\u00e1tek, svl\u00e9knu zimn\u00ed kab\u00e1tek.<\/p>\n<p><strong>Hudebn\u00ed \u010dinnost-rytmizace p\u00edsn\u00ed s hrou na t\u011blo<\/strong><\/p>\n<ul>\n<li>Travi\u010dka zelen\u00e1<\/li>\n<li>Slun\u00ed\u010dko, slun\u00ed\u010dko<\/li>\n<\/ul>\n<p><strong>T\u011blesn\u00e1 \u010dinnost:<\/strong><\/p>\n<ul>\n<li>J\u00f3ga-pozdrav slunci<\/li>\n<li>P\u0159ek\u00e1\u017ekov\u00e1 dr\u00e1ha-p\u0159el\u00e9z\u00e1n\u00ed, podl\u00e9z\u00e1n\u00ed p\u0159ek\u00e1\u017eek<\/li>\n<li>Hod bal\u00f3nu na c\u00edl<\/li>\n<li>Cvi\u010den\u00ed s M\u00ed\u0161ou<\/li>\n<\/ul>\n<p><strong>Pracovn\u00ed listy a grafomotorika:<\/strong><\/p>\n<ul>\n<li>PL: co je zelen\u00e9<\/li>\n<li>St\u00edny kyti\u010dek<\/li>\n<li>PL: r\u016fst kyti\u010dky \u2013 rozst\u0159\u00edhej obr\u00e1zky a se\u0159a\u010f podle d\u011bje<\/li>\n<li>Obr\u00e1zkov\u00fd dikt\u00e1t-jarn\u00ed zahr\u00e1dka(procvi\u010dov\u00e1n\u00ed pojm\u016f:p\u0159ed, za, prvn\u00ed posledn\u00ed<\/li>\n<\/ul>\n<p><strong>Logopedick\u00e1 chvilka:<\/strong><\/p>\n<ul>\n<li>gymnastika mluvidel \u2013 procvi\u010dujeme mimick\u00e9 svaly (\u0161irok\u00fd \u00fasm\u011bv \u2013 vyslovujeme X nebo \u00cd<\/li>\n<li>pot\u00e9 rty do krou\u017eku \u2013 vyslovujeme \u00da a \u00fasta do\u0161iroka otev\u0159en\u00e1 \u2013 \u00c1),<\/li>\n<li>mlask\u00e1me (jazykem o horn\u00ed patro \u2013 jako kdy\u017e cvakaj\u00ed podkovy<\/li>\n<\/ul>\n<p>&nbsp;<\/p>\n<p>&nbsp;<\/p>\n","protected":false},"excerpt":{"rendered":"<p>&nbsp; T\u00fddenn\u00ed t\u00e9ma: prvn\u00ed jarn\u00ed kyti\u010dky, pu\u010d\u00ed stromy a ke\u0159e C\u00edle: Prohloubit znalosti o ro\u010dn\u00edm obdob\u00ed \u2013 Jaro. Procvi\u010dit grafomotoriku., jemnou motoriku, barvy Komunitn\u00ed kruh Poslech: Jak krtek a sk\u0159iv\u00e1nek [&hellip;]<\/p>\n","protected":false},"author":10,"featured_media":0,"comment_status":"open","ping_status":"open","sticky":false,"template":"","format":"standard","meta":{"footnotes":""},"categories":[48],"tags":[],"class_list":["post-15847","post","type-post","status-publish","format-standard","hentry","category-ms-pod-skolkou-aktuality-opicky"],"_links":{"self":[{"href":"https:\/\/msjilove.cz\/index.php?rest_route=\/wp\/v2\/posts\/15847","targetHints":{"allow":["GET"]}}],"collection":[{"href":"https:\/\/msjilove.cz\/index.php?rest_route=\/wp\/v2\/posts"}],"about":[{"href":"https:\/\/msjilove.cz\/index.php?rest_route=\/wp\/v2\/types\/post"}],"author":[{"embeddable":true,"href":"https:\/\/msjilove.cz\/index.php?rest_route=\/wp\/v2\/users\/10"}],"replies":[{"embeddable":true,"href":"https:\/\/msjilove.cz\/index.php?rest_route=%2Fwp%2Fv2%2Fcomments&post=15847"}],"version-history":[{"count":1,"href":"https:\/\/msjilove.cz\/index.php?rest_route=\/wp\/v2\/posts\/15847\/revisions"}],"predecessor-version":[{"id":15848,"href":"https:\/\/msjilove.cz\/index.php?rest_route=\/wp\/v2\/posts\/15847\/revisions\/15848"}],"wp:attachment":[{"href":"https:\/\/msjilove.cz\/index.php?rest_route=%2Fwp%2Fv2%2Fmedia&parent=15847"}],"wp:term":[{"taxonomy":"category","embeddable":true,"href":"https:\/\/msjilove.cz\/index.php?rest_route=%2Fwp%2Fv2%2Fcategories&post=15847"},{"taxonomy":"post_tag","embeddable":true,"href":"https:\/\/msjilove.cz\/index.php?rest_route=%2Fwp%2Fv2%2Ftags&post=15847"}],"curies":[{"name":"wp","href":"https:\/\/api.w.org\/{rel}","templated":true}]}}