{"id":16309,"date":"2023-03-24T14:09:06","date_gmt":"2023-03-24T13:09:06","guid":{"rendered":"https:\/\/www.msjilove.cz\/?p=16309"},"modified":"2023-03-25T09:45:58","modified_gmt":"2023-03-25T08:45:58","slug":"navrh-vzdelavacich-cinnosti-27-3-31-3-2023","status":"publish","type":"post","link":"https:\/\/msjilove.cz\/?p=16309","title":{"rendered":"N\u00e1vrh vzd\u011bl\u00e1vac\u00edch \u010dinnost\u00ed 27. 3. \u2013 31. 3. 2023"},"content":{"rendered":"<p>C\u00edl: D\u011bti dok\u00e1\u017e\u00ed \u0159\u00edct, jak\u00e1 ro\u010dn\u00ed obdob\u00ed v na\u0161em podnebn\u00edm p\u00e1smu m\u00e1me a jak\u00e9 zrovna p\u0159\u00edrod\u011b vl\u00e1dne, vyjmenuje znaky jara. Jak\u00e9 m\u016f\u017ee b\u00fdt po\u010das\u00ed v jarn\u00edch m\u011bs\u00edc\u00edch a jak chod\u00edme obl\u00edkan\u00ed.<\/p>\n<p><strong>Jaro \u0165uk\u00e1 na vr\u00e1tka<\/strong> <strong>\u2013 <\/strong>Zm\u011bny v p\u0159\u00edrod\u011b \u2013 obl\u00e9k\u00e1n\u00ed, po\u010das\u00ed, prodlu\u017euje se den a zkracuje se noc<\/p>\n<p><strong><em>Komunitn\u00ed kruh<\/em><\/strong><\/p>\n<ul>\n<li>Jak jsme se m\u011bli o v\u00edkendu?\u00a0Za\u017eili jsme n\u011bco zaj\u00edmav\u00e9ho? Co n\u00e1s nejv\u00edce zaujalo?<\/li>\n<li>Ro\u010dn\u00ed obdob\u00ed. Pov\u00edd\u00e1me si o jaru a zm\u011bn\u00e1ch v\u00a0p\u0159\u00edrod\u011b.<\/li>\n<li>Po\u010das\u00ed. Jak se zm\u011bnilo po\u010das\u00ed a jak\u00e9 je na ja\u0159e nej\u010dast\u011bji? \u010cast\u011bji pr\u0161\u00ed, za\u010d\u00edn\u00e1 b\u00fdt tepleji, r\u00e1no n\u00e1s bud\u00ed slune\u010dn\u00ed paprsky a pozd\u011bji se stm\u00edv\u00e1.<\/li>\n<li>Jak\u00e9 pr\u00e1ce jsou na ja\u0159e na zahr\u00e1dce zapot\u0159eb\u00ed? Budeme s\u00e1zet kyti\u010dky a osen\u00ed.<\/li>\n<li>Jak\u00e9 oble\u010den\u00ed je pot\u0159eba a jak\u00e9 u\u017e m\u016f\u017eeme odlo\u017eit? P\u0159i\u0159azujeme oble\u010den\u00ed k\u00a0dan\u00e9mu ro\u010dn\u00edmu obdob\u00ed. Prohl\u00ed\u017een\u00ed kn\u00ed\u017eek a obr\u00e1zk\u016f do t\u00e9matu.<\/li>\n<li>Logopedick\u00e9 cvi\u010den\u00ed a b\u00e1sni\u010dky do t\u00e9matu. Sna\u017e\u00edme se dob\u0159e artikulovat a d\u00e1t d\u016fraz na R (bez \u0159)<\/li>\n<\/ul>\n<p><strong>Jaro R<\/strong> (To je zlat\u00e9 posv\u00edcen\u00ed)<\/p>\n<p>J\u00e1<strong>r<\/strong>o, J\u00e1<strong>r<\/strong>o, u\u017e je ja<strong>r<\/strong>o, u\u017e byl p<strong>r<\/strong>vn\u00ed ja<strong>r<\/strong>n\u00ed den.<\/p>\n<p>J\u00e1<strong>r<\/strong>o, J\u00e1<strong>r<\/strong>o, u\u017e je ja<strong>r<\/strong>o, v\u010de<strong>r<\/strong>a, z\u00edt<strong>r<\/strong>a, za t\u00fdden.<\/p>\n<p><strong><em>Pohybov\u00e1 aktivita<\/em><\/strong><\/p>\n<ul>\n<li>Pohybov\u00e9 hry Kapi\u010dky vody, Na dome\u010dky, Sochy<\/li>\n<li>Cvi\u010den\u00ed s\u00a0M\u00ed\u0161ou \u2013 Jaro, l\u00e9to, podzim, zima. Zumba pro d\u011bti s\u00a0Andreim.<\/li>\n<li>Rozcvi\u010dka s\u00a0p\u0159\u00edb\u011bhem. Opakov\u00e1n\u00ed pohyb\u016f.<\/li>\n<li>Pohybov\u00e9 hry zam\u011b\u0159en\u00e9 na pozornost d\u011bt\u00ed, p\u0159i vysloven\u00ed smluven\u00e9ho slova.<\/li>\n<\/ul>\n<p><strong><em>Hudebn\u00ed aktivita<\/em><\/strong><\/p>\n<ul>\n<li>Zvuky p\u0159\u00edrody na ja\u0159e (d\u00e9\u0161\u0165, bou\u0159ka, v\u010dely, pt\u00e1\u010dci)<\/li>\n<li>Zhudebn\u00edme a zazp\u00edv\u00e1me si jednu z\u00a0logopedick\u00fdch b\u00e1sni\u010dek.<\/li>\n<li>Tlesk\u00e1n\u00ed slov a tvo\u0159en\u00ed zdrobn\u011blin (kytka \u2013 kyti\u010dka, slunce \u2013 slun\u00ed\u010dko, d\u00e9\u0161\u0165 \u2013 de\u0161t\u00ed\u010dek).<\/li>\n<li>Poslechneme a zazp\u00edv\u00e1me si p\u00edsni\u010dky Z. Sv\u011br\u00e1ka a J. Uhl\u00ed\u0159e Jaro d\u011bl\u00e1 pokusy; Pr\u0161\u00ed, pr\u0161\u00ed; Jaro, l\u00e9to, podzim, zima; Vozilo se na ja\u0159e; Jarn\u00ed oslava; Tanec sn\u011b\u017eenek<\/li>\n<\/ul>\n<p><strong><em>V\u00fdtvarn\u00e1 \u010dinnost:<\/em><\/strong><\/p>\n<ul>\n<li>Vyzdob\u00edme hol\u00ednky, podle fantazie, budeme obkreslovat, st\u0159\u00edhat, malovat a lepit.<\/li>\n<li>Budeme si hr\u00e1t a kouzlit s\u00a0barvami, s pomoc\u00ed voskovek a vodov\u00fdch barev.<\/li>\n<li>Omalov\u00e1nky, PL do t\u00e9matu \u2013 Dokresli obr\u00e1zek (prostorovou orientace).<\/li>\n<\/ul>\n<p><strong><em>Ostatn\u00ed:<\/em><\/strong><\/p>\n<p>V\u00a0t\u00fddnu je pro d\u011bti p\u0159ipraven\u00e9 Velikono\u010dn\u00ed tvo\u0159en\u00ed s\u00a0rodi\u010di 30. 3. 2023.<\/p>\n<p>E.V.V.O. \u2013 2.1.1.1. Uv\u011bdom\u011bn\u00ed si souvislost\u00ed mezi st\u0159\u00edd\u00e1n\u00edm ro\u010dn\u00edch obdob\u00ed a zm\u011bnami v\u00a0p\u0159\u00edrod\u011b.<\/p>\n","protected":false},"excerpt":{"rendered":"<p>C\u00edl: D\u011bti dok\u00e1\u017e\u00ed \u0159\u00edct, jak\u00e1 ro\u010dn\u00ed obdob\u00ed v na\u0161em podnebn\u00edm p\u00e1smu m\u00e1me a jak\u00e9 zrovna p\u0159\u00edrod\u011b vl\u00e1dne, vyjmenuje znaky jara. Jak\u00e9 m\u016f\u017ee b\u00fdt po\u010das\u00ed v jarn\u00edch m\u011bs\u00edc\u00edch a jak chod\u00edme [&hellip;]<\/p>\n","protected":false},"author":11,"featured_media":0,"comment_status":"open","ping_status":"open","sticky":false,"template":"","format":"standard","meta":{"footnotes":""},"categories":[48],"tags":[],"class_list":["post-16309","post","type-post","status-publish","format-standard","hentry","category-ms-pod-skolkou-aktuality-opicky"],"_links":{"self":[{"href":"https:\/\/msjilove.cz\/index.php?rest_route=\/wp\/v2\/posts\/16309","targetHints":{"allow":["GET"]}}],"collection":[{"href":"https:\/\/msjilove.cz\/index.php?rest_route=\/wp\/v2\/posts"}],"about":[{"href":"https:\/\/msjilove.cz\/index.php?rest_route=\/wp\/v2\/types\/post"}],"author":[{"embeddable":true,"href":"https:\/\/msjilove.cz\/index.php?rest_route=\/wp\/v2\/users\/11"}],"replies":[{"embeddable":true,"href":"https:\/\/msjilove.cz\/index.php?rest_route=%2Fwp%2Fv2%2Fcomments&post=16309"}],"version-history":[{"count":1,"href":"https:\/\/msjilove.cz\/index.php?rest_route=\/wp\/v2\/posts\/16309\/revisions"}],"predecessor-version":[{"id":16310,"href":"https:\/\/msjilove.cz\/index.php?rest_route=\/wp\/v2\/posts\/16309\/revisions\/16310"}],"wp:attachment":[{"href":"https:\/\/msjilove.cz\/index.php?rest_route=%2Fwp%2Fv2%2Fmedia&parent=16309"}],"wp:term":[{"taxonomy":"category","embeddable":true,"href":"https:\/\/msjilove.cz\/index.php?rest_route=%2Fwp%2Fv2%2Fcategories&post=16309"},{"taxonomy":"post_tag","embeddable":true,"href":"https:\/\/msjilove.cz\/index.php?rest_route=%2Fwp%2Fv2%2Ftags&post=16309"}],"curies":[{"name":"wp","href":"https:\/\/api.w.org\/{rel}","templated":true}]}}