{"id":19040,"date":"2023-05-26T13:57:41","date_gmt":"2023-05-26T11:57:41","guid":{"rendered":"https:\/\/www.msjilove.cz\/?p=19040"},"modified":"2023-05-29T07:41:09","modified_gmt":"2023-05-29T05:41:09","slug":"tydenni-plan-navrhovanych-cinnosti-29-5-2-6-2023","status":"publish","type":"post","link":"https:\/\/msjilove.cz\/?p=19040","title":{"rendered":"T\u00fddenn\u00ed pl\u00e1n navrhovan\u00fdch \u010dinnost\u00ed 29.5. &#8211; 2.6.2023"},"content":{"rendered":"<p><strong>T\u00fddenn\u00ed pl\u00e1n navrhovan\u00fdch \u010dinnost\u00ed 29.5. \u2013 2.6.2023<\/strong><\/p>\n<p><strong>T\u00e9ma :<\/strong>\u00a0 V\u0161echno kvete, m\u00e1j \u2013 l\u00e1sky \u010das<\/p>\n<p><strong><u>Podt\u00e9ma <\/u><\/strong>: Rozkv\u00e9taj\u00ed stromy, ke\u0159e a kv\u011btiny. Mezin\u00e1rodn\u00ed den d\u011bt\u00ed<\/p>\n<p>&nbsp;<\/p>\n<p><strong><u>C\u00edl:<\/u><\/strong> Uv\u011bdom\u011bn\u00ed si, k\u00a0jak\u00fdm zm\u011bn\u00e1m v\u00a0ro\u010dn\u00edm obdob\u00ed doch\u00e1z\u00ed.<\/p>\n<p>&nbsp;<\/p>\n<p><strong><u>Komunitn\u00ed kruh:<\/u><\/strong><\/p>\n<ul>\n<li>Jak jsme pro\u017eili v\u00edkend, sezn\u00e1men\u00ed s\u00a0t\u00fddenn\u00edm pl\u00e1nem<\/li>\n<li>Kalend\u00e1\u0159 po\u010das\u00ed \u2013 opakov\u00e1n\u00ed dn\u016f, m\u011bs\u00edc\u016f, ro\u010dn\u00edch obdob\u00ed<\/li>\n<li>Orientujeme se v\u00a0denn\u00edm re\u017eimu \u2013 r\u00e1no, dopoledne, poledne\u2026.<\/li>\n<li>Co vid\u00edme na stromech, ke\u0159\u00edch, v zahrad\u011b, na louce<\/li>\n<li>Dny jsou del\u0161\u00ed, je v\u00edce sv\u011btla<\/li>\n<li>Maj\u00ed v\u0161echny d\u011bti sv\u00e1tek?<\/li>\n<\/ul>\n<p><strong><u>Pohybov\u00e9 \u010dinnosti:<\/u><\/strong><\/p>\n<ul>\n<li>Rozcvi\u010dka s rytmick\u00fdmi \u0159\u00edkadly \u2013 Hlava , ramena<\/li>\n<li>Protahovac\u00ed a zdravotn\u00ed cviky<\/li>\n<li>Procvi\u010dov\u00e1n\u00ed lokomo\u010dn\u00edch a nelokomo\u010dn\u00edch dovednost\u00ed<\/li>\n<li>PH: Na kv\u011btiny a v\u010delky<\/li>\n<\/ul>\n<p>D\u011bti sed\u00ed v\u00a0kruhu. Pan\u00ed u\u010ditelka je kv\u011btina, kter\u00e1 k\u00a0sob\u011b l\u00e1k\u00e1 mrk\u00e1n\u00edm v\u010delky \u2013 d\u011bti. D\u00edt\u011b, na kter\u00e9 pan\u00ed u\u010ditelka mrkala, si s\u00a0n\u00ed vym\u011bn\u00ed m\u00edsto a st\u00e1v\u00e1 se kv\u011btinou. Tato kv\u011btina pak k\u00a0sob\u011b l\u00e1k\u00e1 mrknut\u00edm jinou v\u010delku.<\/p>\n<ul>\n<li>N\u00e1cvik b\u00e1sni\u010dky: Pt\u00e1m se, pt\u00e1m se, pampeli\u0161ko<\/li>\n<li>Hra na hudebn\u00ed n\u00e1stroje<\/li>\n<li>Travi\u010dka zelen\u00e1<\/li>\n<\/ul>\n<p><strong><u>V\u00fdtvarn\u00e9 \u010dinnosti:<\/u><\/strong><\/p>\n<ul>\n<li>Rozkvetl\u00fd strom \u2013 skupinov\u00e1 pr\u00e1ce<\/li>\n<li>Dokreslen\u00ed obr\u00e1zku<\/li>\n<li>Omalov\u00e1nky<\/li>\n<\/ul>\n<p><strong><u>Rozumov\u00e9 \u010dinnosti:<\/u><\/strong><\/p>\n<ul>\n<li>\u0158e\u0161en\u00ed labyrint\u016f<\/li>\n<li>Spojov\u00e1n\u00ed obr\u00e1zk\u016f se st\u00edny<\/li>\n<li>Obr\u00e1zky a tvary<\/li>\n<li>V\u00edce x m\u00e9n\u011b<\/li>\n<\/ul>\n<p>&nbsp;<\/p>\n<p><strong>EVVO:<\/strong> 2.1.1.1. \u00a0\u00a0Uv\u011bdom\u011bn\u00ed si souvislost\u00ed mezi st\u0159\u00edd\u00e1n\u00edm ro\u010dn\u00edch obdob\u00ed a zm\u011bnami v p\u0159\u00edrod\u011b<\/p>\n<p><strong>\u00a0<\/strong><\/p>\n<p>D\u011bti byly pou\u010deny o bezpe\u010dn\u00e9m chov\u00e1n\u00ed v\u00a0M\u0160, \u0161koln\u00ed zahrady a v\u00a0okol\u00ed M\u0160.<\/p>\n<ul>\n<li>Upozorn\u011bn\u00ed na nebezpe\u010dn\u00e1 m\u00edsta v\u00a0ter\u00e9nu<\/li>\n<li>Na vych\u00e1zk\u00e1ch ne\u0161ermovat klacky<\/li>\n<li>Chodit ze schod\u016f pomalu a s\u00a0odstupy, nestrkat do sebe zezadu<\/li>\n<\/ul>\n<p>&nbsp;<\/p>\n<p>&nbsp;<\/p>\n<p>&nbsp;<\/p>\n<p>&nbsp;<\/p>\n<p>&nbsp;<\/p>\n<p>&nbsp;<\/p>\n<p>&nbsp;<\/p>\n<p>&nbsp;<\/p>\n<p>&nbsp;<\/p>\n<p>&nbsp;<\/p>\n<p><strong>\u00a0<\/strong><\/p>\n<p>&nbsp;<\/p>\n<p>&nbsp;<\/p>\n<p>&nbsp;<\/p>\n<p>&nbsp;<\/p>\n<p>&nbsp;<\/p>\n<p>&nbsp;<\/p>\n<p>&nbsp;<\/p>\n<p>&nbsp;<\/p>\n<p>&nbsp;<\/p>\n","protected":false},"excerpt":{"rendered":"<p>T\u00fddenn\u00ed pl\u00e1n navrhovan\u00fdch \u010dinnost\u00ed 29.5. \u2013 2.6.2023 T\u00e9ma :\u00a0 V\u0161echno kvete, m\u00e1j \u2013 l\u00e1sky \u010das Podt\u00e9ma : Rozkv\u00e9taj\u00ed stromy, ke\u0159e a kv\u011btiny. Mezin\u00e1rodn\u00ed den d\u011bt\u00ed &nbsp; C\u00edl: Uv\u011bdom\u011bn\u00ed si, k\u00a0jak\u00fdm [&hellip;]<\/p>\n","protected":false},"author":8,"featured_media":0,"comment_status":"open","ping_status":"open","sticky":false,"template":"","format":"standard","meta":{"footnotes":""},"categories":[47],"tags":[],"class_list":["post-19040","post","type-post","status-publish","format-standard","hentry","category-ms-pod-skolkou-aktuality-slunata"],"_links":{"self":[{"href":"https:\/\/msjilove.cz\/index.php?rest_route=\/wp\/v2\/posts\/19040","targetHints":{"allow":["GET"]}}],"collection":[{"href":"https:\/\/msjilove.cz\/index.php?rest_route=\/wp\/v2\/posts"}],"about":[{"href":"https:\/\/msjilove.cz\/index.php?rest_route=\/wp\/v2\/types\/post"}],"author":[{"embeddable":true,"href":"https:\/\/msjilove.cz\/index.php?rest_route=\/wp\/v2\/users\/8"}],"replies":[{"embeddable":true,"href":"https:\/\/msjilove.cz\/index.php?rest_route=%2Fwp%2Fv2%2Fcomments&post=19040"}],"version-history":[{"count":4,"href":"https:\/\/msjilove.cz\/index.php?rest_route=\/wp\/v2\/posts\/19040\/revisions"}],"predecessor-version":[{"id":19061,"href":"https:\/\/msjilove.cz\/index.php?rest_route=\/wp\/v2\/posts\/19040\/revisions\/19061"}],"wp:attachment":[{"href":"https:\/\/msjilove.cz\/index.php?rest_route=%2Fwp%2Fv2%2Fmedia&parent=19040"}],"wp:term":[{"taxonomy":"category","embeddable":true,"href":"https:\/\/msjilove.cz\/index.php?rest_route=%2Fwp%2Fv2%2Fcategories&post=19040"},{"taxonomy":"post_tag","embeddable":true,"href":"https:\/\/msjilove.cz\/index.php?rest_route=%2Fwp%2Fv2%2Ftags&post=19040"}],"curies":[{"name":"wp","href":"https:\/\/api.w.org\/{rel}","templated":true}]}}