{"id":21902,"date":"2023-09-29T14:07:53","date_gmt":"2023-09-29T12:07:53","guid":{"rendered":"https:\/\/www.msjilove.cz\/?p=21902"},"modified":"2023-09-29T14:07:53","modified_gmt":"2023-09-29T12:07:53","slug":"navrh-vzdelavacich-cinnosti-v-obdobi-2-10-31-10-2023","status":"publish","type":"post","link":"https:\/\/msjilove.cz\/?p=21902","title":{"rendered":"N\u00e1vrh vzd\u011bl\u00e1vac\u00edch \u010dinnost\u00ed v obdob\u00ed 2.10. &#8211; 31.10.2023"},"content":{"rendered":"<p>&nbsp;<\/p>\n<p>&nbsp;<\/p>\n<p><img decoding=\"async\" class=\"alignnone size-medium wp-image-21903\" src=\"https:\/\/msjilove.cz\/wp-content\/uploads\/2023\/09\/autumn-3186876_1280-podzim-300x200.jpg\" alt=\"\" width=\"300\" height=\"200\" srcset=\"https:\/\/msjilove.cz\/wp-content\/uploads\/2023\/09\/autumn-3186876_1280-podzim-300x200.jpg 300w, https:\/\/msjilove.cz\/wp-content\/uploads\/2023\/09\/autumn-3186876_1280-podzim-1024x682.jpg 1024w, https:\/\/msjilove.cz\/wp-content\/uploads\/2023\/09\/autumn-3186876_1280-podzim-768x512.jpg 768w, https:\/\/msjilove.cz\/wp-content\/uploads\/2023\/09\/autumn-3186876_1280-podzim.jpg 1280w\" sizes=\"(max-width: 300px) 100vw, 300px\" \/><\/p>\n<p>&nbsp;<\/p>\n<p>&nbsp;<\/p>\n<p><strong><em><u>T\u00e9ma: Podzim maluje od 2. 10. \u2013 \u00a031.10. 2023<\/u><\/em><\/strong><\/p>\n<p><strong><u>Podt\u00e9ma:<\/u><\/strong> Putov\u00e1n\u00ed se sk\u0159\u00edtkem Podzimn\u00ed\u010dkem<\/p>\n<p><strong><u>C\u00edl:<\/u><\/strong> Pomoc\u00ed pro\u017eitkov\u00e9ho u\u010den\u00ed si d\u011bti osvojuj\u00ed a upev\u0148uj\u00ed poznatky o p\u0159\u00edrod\u011b, kter\u00e9 vyu\u017e\u00edvaj\u00ed p\u0159i tvo\u0159iv\u00fdch a praktick\u00fdch \u010dinnostech. Z\u00edsk\u00e1vaj\u00ed pov\u011bdom\u00ed o z\u00e1konitostech p\u0159\u00edrody.<\/p>\n<p><strong>Komunitn\u00ed kruh: <\/strong><\/p>\n<ul>\n<li>Rozhovor o pro\u017eit\u00e9m v\u00edkendu<\/li>\n<li>Tvo\u0159en\u00ed asociac\u00ed na t\u00e9ma podzim<\/li>\n<li>Charakteristika ro\u010dn\u00edch obdob\u00ed, po\u010das\u00ed, zvyky, slavnosti.<\/li>\n<li>Upev\u0148ov\u00e1n\u00ed dn\u016f v\u00a0t\u00fddnu, m\u011bs\u00edc\u016f a ro\u010dn\u00edch obdob\u00ed<\/li>\n<li>Pro\u010d stromy opad\u00e1vaj\u00ed<\/li>\n<li>Pro\u010d odl\u00e9taj\u00ed pt\u00e1\u010dci do tepl\u00fdch krajin<\/li>\n<li>Popis jak vypad\u00e1 Kr\u00e1l a kr\u00e1lovna podzimu<\/li>\n<li>Ovoce a zelenina, ochutn\u00e1vka<\/li>\n<li>Houby, jedovat\u00e9 jedl\u00e9<\/li>\n<\/ul>\n<p><strong>P\u0159ed\u010dten\u00e1\u0159sk\u00e9 \u010dinnosti: <\/strong><\/p>\n<ul>\n<li>\u010cetba motiva\u010dn\u00edho p\u0159\u00edb\u011bhu: O posledn\u00ed vla\u0161tovce<\/li>\n<li>\u010cetba p\u0159\u00edb\u011bhu : O S\u00fdkorce<\/li>\n<li>\u010cetba poh\u00e1dky : O sk\u0159\u00edtkovi Dub\u00e1\u010dkovi<\/li>\n<li>Sezn\u00e1men\u00ed s\u00a0b\u00e1sni\u010dkou : V\u010dera r\u00e1no na dubu<\/li>\n<li>Sezn\u00e1men\u00ed s\u00a0b\u00e1sni\u010dkou: lesn\u00ed sk\u0159\u00edtci<\/li>\n<li>Ur\u010dov\u00e1n\u00ed hl\u00e1sky na za\u010d\u00e1tku slova<\/li>\n<li>Rytmick\u00e1 cvi\u010den\u00ed, ur\u010dov\u00e1n\u00ed po\u010dtu slabik<\/li>\n<li>Nabalov\u00e1n\u00ed slov<\/li>\n<li>Hra s\u00a0prst\u00ed\u010dky: Ka\u017ed\u00e1 ru\u010dka m\u00e1 prst\u00ed\u010dky<\/li>\n<\/ul>\n<p><strong>Pohybov\u00e9 \u010dinnosti: <\/strong><\/p>\n<ul>\n<li>Zdravotn\u00ed a protahovac\u00ed cviky<\/li>\n<li>Posilovac\u00ed cviky na horn\u00ed a doln\u00ed oblast t\u011bla<\/li>\n<li>Rozvoj b\u011bhu a skoku<\/li>\n<li>P\u0159ek\u00e1\u017ekov\u00e1 dr\u00e1ha<\/li>\n<li>Hry s\u00a0m\u00ed\u010dem ( hod na c\u00edl, chyt\u00e1n\u00ed m\u00ed\u010de )<\/li>\n<li>PH: Zatlesk\u00e1me, zamot\u00e1me<\/li>\n<li>PH: Na ro\u010dn\u00ed obdob\u00ed<\/li>\n<li>PH: Na v\u00edtr (hon\u00ed se l\u00edste\u010dky, hon\u00ed se mraky, jestli se neschov\u00e1\u0161, chytnu t\u011b taky)<\/li>\n<li>B\u00e1sni\u010dka s\u00a0pohybem : Podzim klepe na dve\u0159e, duby u\u017e se chv\u011bj\u00ed, ve strakat\u00e9 z\u00e1st\u011b\u0159e<\/li>\n<li>PH: Slep\u00edme se spolu<\/li>\n<li>PH: Na pe\u0161ka<\/li>\n<\/ul>\n<p><strong>V\u00fdtvarn\u00e9 a tvo\u0159iv\u00e9 \u010dinnosti:<\/strong><\/p>\n<ul>\n<li>Podzimn\u00ed listy: okreslov\u00e1n\u00ed, zapou\u0161t\u011bn\u00ed barvy do klovatiny<\/li>\n<li>Paleta z\u00a0p\u0159\u00edrodnin<\/li>\n<li>Pr\u00e1ce s\u00a0model\u00ednou<\/li>\n<li>Obkreslov\u00e1n\u00ed \u0161ablony listu na \u010dern\u00fd pap\u00edr such\u00fdm pastelem<\/li>\n<li>V\u00fdroba vla\u0161tovky<\/li>\n<\/ul>\n<p><strong>Hudebn\u00ed \u010dinnosti: <\/strong><\/p>\n<ul>\n<li>Vla\u0161tovi\u010dko le\u0165<\/li>\n<li>Cibulenka tane\u010dek<\/li>\n<li>Kamar\u00e1dsk\u00e1<\/li>\n<li>P\u00edsni\u010dka \u2013 lesn\u00ed sk\u0159\u00edtci<\/li>\n<li>Hra na hudebn\u00ed n\u00e1stroje<\/li>\n<\/ul>\n<p><strong>Logopedick\u00e9 chvilky: \u00a0<\/strong><\/p>\n<ul>\n<li>Gymnastika mluvidel<\/li>\n<li>Dechov\u00e9 cvi\u010den\u00ed<\/li>\n<li>Fona\u010dn\u00ed cvi\u010den\u00ed \u2013 napodobov\u00e1n\u00ed zvuk\u016f<\/li>\n<\/ul>\n<p>Ostatn\u00ed:<\/p>\n<ul>\n<li>Procvi\u010dov\u00e1n\u00ed hrub\u00e9 a jemn\u00e9 motoriky<\/li>\n<li>\u0158e\u0161en\u00ed labyrint\u016f<\/li>\n<li>\u010c\u00e1ry, svisl\u00e9, lomen\u00e9, vlnky smy\u010dky<\/li>\n<\/ul>\n<p><strong>EVVO<u>:<\/u> 2.1.1.1<\/strong><\/p>\n<p>Uv\u011bdom\u011bn\u00ed si souvislost\u00ed mezi st\u0159\u00edd\u00e1n\u00edm ro\u010dn\u00edch obdob\u00ed a zm\u011bnami v\u00a0p\u0159\u00edrod\u011b<\/p>\n<p>&nbsp;<\/p>\n<p><strong><u>Pou\u010den\u00ed:<\/u><\/strong><\/p>\n<p>P\u0159ipom\u00ednat rizika \u00faraz\u016f a po\u0161kozen\u00ed p\u0159i hr\u00e1ch, stravov\u00e1n\u00ed a um\u00fdv\u00e1n\u00ed<\/p>\n<p>Nel\u00e9zt na kryty (\u00fast\u0159edn\u00ed topen\u00ed), parapety, n\u00e1bytek<\/p>\n<p>Chodit ze schod\u016f pomalu a s\u00a0odstupy, nestrkat do sebe ze zadu<img decoding=\"async\" class=\"alignnone size-medium wp-image-21903\" src=\"https:\/\/msjilove.cz\/wp-content\/uploads\/2023\/09\/autumn-3186876_1280-podzim-300x200.jpg\" alt=\"\" width=\"300\" height=\"200\" srcset=\"https:\/\/msjilove.cz\/wp-content\/uploads\/2023\/09\/autumn-3186876_1280-podzim-300x200.jpg 300w, https:\/\/msjilove.cz\/wp-content\/uploads\/2023\/09\/autumn-3186876_1280-podzim-1024x682.jpg 1024w, https:\/\/msjilove.cz\/wp-content\/uploads\/2023\/09\/autumn-3186876_1280-podzim-768x512.jpg 768w, https:\/\/msjilove.cz\/wp-content\/uploads\/2023\/09\/autumn-3186876_1280-podzim.jpg 1280w\" sizes=\"(max-width: 300px) 100vw, 300px\" \/><\/p>\n","protected":false},"excerpt":{"rendered":"<p>&nbsp; &nbsp; &nbsp; &nbsp; T\u00e9ma: Podzim maluje od 2. 10. \u2013 \u00a031.10. 2023 Podt\u00e9ma: Putov\u00e1n\u00ed se sk\u0159\u00edtkem Podzimn\u00ed\u010dkem C\u00edl: Pomoc\u00ed pro\u017eitkov\u00e9ho u\u010den\u00ed si d\u011bti osvojuj\u00ed a upev\u0148uj\u00ed poznatky o p\u0159\u00edrod\u011b, [&hellip;]<\/p>\n","protected":false},"author":8,"featured_media":0,"comment_status":"open","ping_status":"open","sticky":false,"template":"","format":"standard","meta":{"footnotes":""},"categories":[47],"tags":[],"class_list":["post-21902","post","type-post","status-publish","format-standard","hentry","category-ms-pod-skolkou-aktuality-slunata"],"_links":{"self":[{"href":"https:\/\/msjilove.cz\/index.php?rest_route=\/wp\/v2\/posts\/21902","targetHints":{"allow":["GET"]}}],"collection":[{"href":"https:\/\/msjilove.cz\/index.php?rest_route=\/wp\/v2\/posts"}],"about":[{"href":"https:\/\/msjilove.cz\/index.php?rest_route=\/wp\/v2\/types\/post"}],"author":[{"embeddable":true,"href":"https:\/\/msjilove.cz\/index.php?rest_route=\/wp\/v2\/users\/8"}],"replies":[{"embeddable":true,"href":"https:\/\/msjilove.cz\/index.php?rest_route=%2Fwp%2Fv2%2Fcomments&post=21902"}],"version-history":[{"count":1,"href":"https:\/\/msjilove.cz\/index.php?rest_route=\/wp\/v2\/posts\/21902\/revisions"}],"predecessor-version":[{"id":21904,"href":"https:\/\/msjilove.cz\/index.php?rest_route=\/wp\/v2\/posts\/21902\/revisions\/21904"}],"wp:attachment":[{"href":"https:\/\/msjilove.cz\/index.php?rest_route=%2Fwp%2Fv2%2Fmedia&parent=21902"}],"wp:term":[{"taxonomy":"category","embeddable":true,"href":"https:\/\/msjilove.cz\/index.php?rest_route=%2Fwp%2Fv2%2Fcategories&post=21902"},{"taxonomy":"post_tag","embeddable":true,"href":"https:\/\/msjilove.cz\/index.php?rest_route=%2Fwp%2Fv2%2Ftags&post=21902"}],"curies":[{"name":"wp","href":"https:\/\/api.w.org\/{rel}","templated":true}]}}