{"id":27027,"date":"2024-03-01T14:18:28","date_gmt":"2024-03-01T13:18:28","guid":{"rendered":"https:\/\/www.msjilove.cz\/?p=27027"},"modified":"2024-03-02T10:15:49","modified_gmt":"2024-03-02T09:15:49","slug":"navrh-vzdelavacich-cinnosti-4-3-15-3-2024","status":"publish","type":"post","link":"https:\/\/msjilove.cz\/?p=27027","title":{"rendered":"N\u00e1vrh vzd\u011bl\u00e1vac\u00edch \u010dinnost\u00ed 4.3. -15.3.2024"},"content":{"rendered":"<p><strong><a href=\"https:\/\/msjilove.cz\/wp-content\/uploads\/2024\/03\/R-1-scaled.jpg\"><img decoding=\"async\" class=\"alignnone wp-image-27033\" src=\"https:\/\/msjilove.cz\/wp-content\/uploads\/2024\/03\/R-1-300x203.jpg\" alt=\"\" width=\"389\" height=\"263\" srcset=\"https:\/\/msjilove.cz\/wp-content\/uploads\/2024\/03\/R-1-300x203.jpg 300w, https:\/\/msjilove.cz\/wp-content\/uploads\/2024\/03\/R-1-1024x693.jpg 1024w, https:\/\/msjilove.cz\/wp-content\/uploads\/2024\/03\/R-1-768x520.jpg 768w, https:\/\/msjilove.cz\/wp-content\/uploads\/2024\/03\/R-1-1536x1040.jpg 1536w, https:\/\/msjilove.cz\/wp-content\/uploads\/2024\/03\/R-1-2048x1386.jpg 2048w, https:\/\/msjilove.cz\/wp-content\/uploads\/2024\/03\/R-1-1320x893.jpg 1320w\" sizes=\"(max-width: 389px) 100vw, 389px\" \/><\/a><\/strong><\/p>\n<p>&nbsp;<\/p>\n<p><strong>N\u00e1vrh vzd\u011bl\u00e1vac\u00edch \u010dinnost\u00ed 4.3.2024 &#8211; 15.3.2024<\/strong><\/p>\n<p><strong>T\u00e9ma:<\/strong> Jaro \u0165uk\u00e1 na vr\u00e1tka<\/p>\n<p><strong>Podt\u00e9ma:<\/strong> P\u0159\u00edroda se probouz\u00ed ze zimn\u00edho sp\u00e1nku, zm\u011bny v\u00a0p\u0159\u00edrod\u011b.<\/p>\n<p><strong>C\u00edl<\/strong>: Sezn\u00e1mit d\u011bti se znaky probouzej\u00edc\u00ed se p\u0159\u00edrody, v\u00fdznamem jara. \u010cast\u011bji sly\u0161\u00edme zp\u00edvat pt\u00e1ky. Budeme rozv\u00edjet rytmick\u00e9 dovednosti, koordinaci cel\u00e9ho pohybov\u00e9ho apar\u00e1tu a vyu\u017eit\u00ed fantazie a tvo\u0159ivosti ve v\u00fdtvarn\u00fdch \u010dinnostech.<\/p>\n<p><strong>Komunitn\u00ed kruh: <\/strong><\/p>\n<ul>\n<li>Jak jsme pro\u017eili v\u00edkend<\/li>\n<li>Kalend\u00e1\u0159 po\u010das\u00ed<\/li>\n<li>Opakov\u00e1n\u00ed dn\u016f, m\u011bs\u00edc\u016f, ro\u010dn\u00edch obdob\u00ed<\/li>\n<li>Jak\u00e9 je po\u010das\u00ed, co si obl\u00e9k\u00e1me<\/li>\n<li>Co n\u00e1m za\u010d\u00edn\u00e1 kv\u00e9st<\/li>\n<li>Tvo\u0159en\u00ed asociac\u00ed na t\u00e9ma jaro<\/li>\n<\/ul>\n<p><strong>T\u011blesn\u00e9 a pohybov\u00e9 dovednosti:<\/strong><\/p>\n<ul>\n<li>Zdravotn\u00ed a protahovac\u00ed cvi\u010den\u00ed na spr\u00e1vn\u00e9 dr\u017een\u00ed t\u011bla<\/li>\n<li>Lokomo\u010dn\u00ed cviky<\/li>\n<li>B\u00e1sni\u010dky s\u00a0pohybem<\/li>\n<li>Hod na c\u00edl<\/li>\n<li>Opi\u010d\u00ed dr\u00e1ha<\/li>\n<li>Relaxace<\/li>\n<li>PH : Na slun\u00ed\u010dko<\/li>\n<\/ul>\n<p>&nbsp;<\/p>\n<p><em><strong>Hudebn\u00ed a recita\u010dn\u00ed \u010dinnosti:<\/strong><\/em><\/p>\n<ul>\n<li><em>Na ja\u0159e<\/em><\/li>\n<li><em>Opakov\u00e1n\u00ed p\u00edsni\u010dek a b\u00e1sni\u010dek <\/em><\/li>\n<\/ul>\n<p><em>\u00a0<\/em><\/p>\n<p><em>Do zahr\u00e1dky p\u0159i\u0161lo jaro,<\/em><\/p>\n<p><em>Copak se tam asi stalo?<\/em><\/p>\n<p><em>Rozkvetly n\u00e1m kyti\u010dky,<\/em><\/p>\n<p><em>Narcis, krokus, ko\u010di\u010dky.<\/em><\/p>\n<p><em>V\u010deli\u010dka k\u00a0nim pr\u00e1v\u011b let\u00ed,<\/em><\/p>\n<p><em>Pod\u00edvejte tamhle d\u011bti.<\/em><\/p>\n<p><em>\u00a0<\/em><\/p>\n<p><em><strong>V\u00fdtvarn\u00e9 \u010dinnosti: <\/strong><\/em><\/p>\n<ul>\n<li><em>Skupinov\u00e1 pr\u00e1ce: jarn\u00ed kv\u011btiny<\/em><\/li>\n<li><em>Jarn\u00ed kyti\u010dku nebo slun\u00ed\u010dko nakresl\u00edme tu\u017ekou a tvar vypln\u00edme a nalep\u00edme z\u00a0kousk\u016f barevn\u00e9ho pap\u00edru<\/em><\/li>\n<li><em>Pr\u00e1ce s\u00a0model\u00ednou<\/em><\/li>\n<li><em>Omalov\u00e1nky <\/em><\/li>\n<li><em>P\u011bstitelsk\u00fd pokus \u2013 zasejeme sem\u00ednko a budeme pozorovat, jak roste<\/em><\/li>\n<\/ul>\n<p><em>\u00a0<\/em><\/p>\n<p><em><strong>Liter\u00e1rn\u00ed \u010dinnosti: <\/strong><\/em><\/p>\n<ul>\n<li><em>Dechov\u00e9 a artikula\u010dn\u00ed cvi\u010den\u00ed<\/em><\/li>\n<li><em>Logopedick\u00e9 cvi\u010den\u00ed<\/em><\/li>\n<li><em>Po\u010det slabik ve slov\u011b<\/em><\/li>\n<li><em>Vytlesk\u00e1v\u00e1n\u00ed slov <\/em><\/li>\n<\/ul>\n<p><em><strong>Ostatn\u00ed : <\/strong><\/em><\/p>\n<ul>\n<li><em>Pracovn\u00ed listy \u2013 grafomotorika, zrakov\u00e9 vn\u00edm\u00e1n\u00ed<\/em><\/li>\n<li><em>Hry procvi\u010duj\u00edc\u00ed jemnou motoriku<\/em><\/li>\n<li><em>Opakuj prvn\u00ed hl\u00e1sku<\/em><\/li>\n<\/ul>\n<p><em>\u00a0<\/em><\/p>\n<p><em>\u00a0<\/em><\/p>\n<p><em>\u00a0<\/em><\/p>\n<p><em><strong>EVVO: 2.1.2 Pozn\u00e1v\u00e1n\u00ed p\u0159\u00edrody a jej\u00ed rozmanitosti a kr\u00e1se<\/strong><\/em><\/p>\n<p><em><strong>\u00a0<\/strong><\/em><\/p>\n<p><em><strong>Pou\u010den\u00ed: Upozornit na nebezpe\u010dn\u00e1 m\u00edsta v\u00a0ter\u00e9nu, na \u0161koln\u00ed zahrad\u011b, na cest\u011b na vych\u00e1zky (pozornost p\u0159i ch\u016fzi).<\/strong><\/em><\/p>\n<p><em><strong>Nedr\u00e1\u017edit a nedot\u00fdkat se nezn\u00e1m\u00fdch zv\u00ed\u0159at a chr\u00e1nit se p\u0159ed jejich kousnut\u00edm, po\u0161kr\u00e1b\u00e1n\u00edm a bodnut\u00edm hmyzem.<\/strong><\/em><\/p>\n<p><em>\u00a0<\/em><\/p>\n<p><em>\u00a0<\/em><\/p>\n<p><em>\u00a0<\/em><\/p>\n<p><em>\u00a0<\/em><\/p>\n<p><em>\u00a0<\/em><\/p>\n<p><em>\u00a0<\/em><\/p>\n<p><em>\u00a0<\/em><\/p>\n<p>&nbsp;<\/p>\n<p>&nbsp;<\/p>\n<p>&nbsp;<\/p>\n<p>&nbsp;<\/p>\n<p>&nbsp;<\/p>\n<p>&nbsp;<\/p>\n<p>&nbsp;<\/p>\n<p>&nbsp;<\/p>\n<p>&nbsp;<\/p>\n<p>&nbsp;<\/p>\n<p>&nbsp;<\/p>\n","protected":false},"excerpt":{"rendered":"<p>&nbsp; N\u00e1vrh vzd\u011bl\u00e1vac\u00edch \u010dinnost\u00ed 4.3.2024 &#8211; 15.3.2024 T\u00e9ma: Jaro \u0165uk\u00e1 na vr\u00e1tka Podt\u00e9ma: P\u0159\u00edroda se probouz\u00ed ze zimn\u00edho sp\u00e1nku, zm\u011bny v\u00a0p\u0159\u00edrod\u011b. C\u00edl: Sezn\u00e1mit d\u011bti se znaky probouzej\u00edc\u00ed se p\u0159\u00edrody, v\u00fdznamem [&hellip;]<\/p>\n","protected":false},"author":8,"featured_media":0,"comment_status":"open","ping_status":"open","sticky":false,"template":"","format":"standard","meta":{"footnotes":""},"categories":[47],"tags":[],"class_list":["post-27027","post","type-post","status-publish","format-standard","hentry","category-ms-pod-skolkou-aktuality-slunata"],"_links":{"self":[{"href":"https:\/\/msjilove.cz\/index.php?rest_route=\/wp\/v2\/posts\/27027","targetHints":{"allow":["GET"]}}],"collection":[{"href":"https:\/\/msjilove.cz\/index.php?rest_route=\/wp\/v2\/posts"}],"about":[{"href":"https:\/\/msjilove.cz\/index.php?rest_route=\/wp\/v2\/types\/post"}],"author":[{"embeddable":true,"href":"https:\/\/msjilove.cz\/index.php?rest_route=\/wp\/v2\/users\/8"}],"replies":[{"embeddable":true,"href":"https:\/\/msjilove.cz\/index.php?rest_route=%2Fwp%2Fv2%2Fcomments&post=27027"}],"version-history":[{"count":3,"href":"https:\/\/msjilove.cz\/index.php?rest_route=\/wp\/v2\/posts\/27027\/revisions"}],"predecessor-version":[{"id":27034,"href":"https:\/\/msjilove.cz\/index.php?rest_route=\/wp\/v2\/posts\/27027\/revisions\/27034"}],"wp:attachment":[{"href":"https:\/\/msjilove.cz\/index.php?rest_route=%2Fwp%2Fv2%2Fmedia&parent=27027"}],"wp:term":[{"taxonomy":"category","embeddable":true,"href":"https:\/\/msjilove.cz\/index.php?rest_route=%2Fwp%2Fv2%2Fcategories&post=27027"},{"taxonomy":"post_tag","embeddable":true,"href":"https:\/\/msjilove.cz\/index.php?rest_route=%2Fwp%2Fv2%2Ftags&post=27027"}],"curies":[{"name":"wp","href":"https:\/\/api.w.org\/{rel}","templated":true}]}}