{"id":31585,"date":"2024-06-13T19:41:08","date_gmt":"2024-06-13T17:41:08","guid":{"rendered":"https:\/\/www.msjilove.cz\/?p=31585"},"modified":"2024-06-17T13:00:59","modified_gmt":"2024-06-17T11:00:59","slug":"vyjezd-ucitelek-materskych-skol-do-finska-v-ramci-projektu-erasmus","status":"publish","type":"post","link":"https:\/\/msjilove.cz\/?p=31585","title":{"rendered":"V\u00fdjezd u\u010ditelek mate\u0159sk\u00fdch \u0161kol do Finska v r\u00e1mci projektu Erasmus +"},"content":{"rendered":"\t\t<div data-elementor-type=\"wp-post\" data-elementor-id=\"31585\" class=\"elementor elementor-31585\">\n\t\t\t\t\t\t\t        <section class=\"elementor-section elementor-top-section elementor-element elementor-element-5a86e346 elementor-section-boxed elementor-section-height-default elementor-section-height-default\" data-id=\"5a86e346\" data-element_type=\"section\">\n            \n                        <div class=\"elementor-container elementor-column-gap-default \">\n                    <div class=\"elementor-column elementor-col-100 elementor-top-column elementor-element elementor-element-698efd7\" data-id=\"698efd7\" data-element_type=\"column\">\n            <div class=\"elementor-widget-wrap elementor-element-populated\">\n                        \t\t<div class=\"elementor-element elementor-element-37bd2fa4 elementor-widget elementor-widget-text-editor\" data-id=\"37bd2fa4\" data-element_type=\"widget\" data-widget_type=\"text-editor.default\">\n\t\t\t\t<div class=\"elementor-widget-container\">\n\t\t\t<style>\/*! elementor - v3.13.3 - 28-05-2023 *\/\n.elementor-widget-text-editor.elementor-drop-cap-view-stacked .elementor-drop-cap{background-color:#69727d;color:#fff}.elementor-widget-text-editor.elementor-drop-cap-view-framed .elementor-drop-cap{color:#69727d;border:3px solid;background-color:transparent}.elementor-widget-text-editor:not(.elementor-drop-cap-view-default) .elementor-drop-cap{margin-top:8px}.elementor-widget-text-editor:not(.elementor-drop-cap-view-default) .elementor-drop-cap-letter{width:1em;height:1em}.elementor-widget-text-editor .elementor-drop-cap{float:left;text-align:center;line-height:1;font-size:50px}.elementor-widget-text-editor .elementor-drop-cap-letter{display:inline-block}<\/style>\t\t\t\tV\u00a0r\u00e1mci evropsk\u00e9ho programu Erasmus + jsme vytvo\u0159ili konsorcium, kter\u00e9ho je na\u0161e mate\u0159sk\u00e1 \u0161kola vedouc\u00ed. V\u00a0kv\u011btnu 2024 jsme uskute\u010dnili v\u00fdjezd u\u010ditel\u016f mate\u0159sk\u00fdch \u0161kol do finsk\u00fdch Helsinek, kam odcestovalo 17 u\u010ditelek ze sedmi mate\u0159sk\u00fdch \u0161kol, a to z M\u0160 J\u00edlov\u00e9 u Prahy, M\u0160 Doln\u00ed B\u0159e\u017eany, M\u0160 Kamar\u00e1d Jesenice, M\u0160 Jesenice, M\u0160 Poho\u0159\u00ed a M\u0160 Vestec.\n\nV r\u00e1mci na\u0161eho t\u00fddenn\u00edho pobytu jsme se rozd\u011blily do \u010dty\u0159 skupin a nav\u0161t\u00edvily tak \u010dty\u0159i mate\u0159sk\u00e9 \u0161koly v Helsink\u00e1ch a v p\u0159ilehl\u00e9m Espoo, kter\u00e9 spolu se soudn\u00edmi m\u011bste\u010dky tvo\u0159\u00ed helsinsk\u00e9 soum\u011bst\u00ed Velk\u00e9 Helsinky.\n\nVe finsk\u00fdch mate\u0159sk\u00fdch \u0161kol\u00e1ch jsme se \u00fa\u010dastnily tzv. st\u00ednov\u00e1n\u00ed, tedy pozorov\u00e1n\u00ed a porovn\u00e1v\u00e1n\u00ed na\u0161eho p\u0159ed\u0161koln\u00edho vzd\u011bl\u00e1v\u00e1n\u00ed s\u00a0m\u00edstn\u00edm. Hned prvn\u00ed den na n\u00e1s \u010dekala mil\u00e1 pr\u016fvodkyn\u011b Susann, kter\u00e1 si pro n\u00e1s p\u0159ipravila exkurzi zam\u011b\u0159enou na vzd\u011bl\u00e1v\u00e1n\u00ed v\u00a0p\u0159\u00edrod\u011b, tedy venkovn\u00ed aktivity a lese a na louce. V\u00a0dal\u0161\u00edch dnech jsme pozorovaly vzd\u011bl\u00e1v\u00e1n\u00ed p\u0159\u00edmo v\u00a0mate\u0159sk\u00fdch \u0161kol\u00e1ch, kde jsem se soust\u0159edily na tyto c\u00edle: pos\u00edlen\u00ed v\u011bdomost\u00ed pedagog\u016f v\u00a0oblasti inkluzivn\u00edho vzd\u011bl\u00e1v\u00e1n\u00ed, vytvo\u0159en\u00ed podm\u00ednek venkovn\u00edho vzd\u011bl\u00e1v\u00e1n\u00ed pro vzd\u011bl\u00e1v\u00e1n\u00ed v\u00a0p\u0159\u00edrod\u011b, pos\u00edlen\u00ed polytechnick\u00e9 a digit\u00e1ln\u00ed gramotnosti u d\u011bt\u00ed p\u0159ed\u0161koln\u00edho v\u011bku a komunikativn\u00edch schopnost\u00ed pedagog\u016f sm\u011brem k\u00a0d\u011btem i rodi\u010d\u016fm. Mile n\u00e1s p\u0159ekvapilo, \u017ee d\u011btem v\u00a0p\u0159ed\u0161koln\u00edch za\u0159\u00edzen\u00edch je d\u00e1v\u00e1na v\u011bt\u0161\u00ed svoboda v\u00a0rozhodov\u00e1n\u00ed a volb\u011b \u010dinnost\u00ed ne\u017e u n\u00e1s, d\u011bti jsou vedeny k\u00a0zodpov\u011bdnosti za sv\u00e1 rozhodnut\u00ed a velk\u00fd d\u016fraz je kladen na emoce \u2013 jejich zpracov\u00e1v\u00e1n\u00ed a zvl\u00e1d\u00e1n\u00ed v\u00a0b\u011b\u017en\u00fdch situac\u00edch. Finsk\u00e9 d\u011bti i u\u010ditelky jsou v\u00a0soci\u00e1ln\u00edch interakc\u00edch klidn\u011bj\u0161\u00ed, uplat\u0148uje se zde pln\u011b respektuj\u00edc\u00ed p\u0159\u00edstup a celkov\u011b ve \u0161kolk\u00e1ch panuje pohoda a klid.\n\nB\u011bhem na\u0161\u00ed n\u00e1v\u0161t\u011bvy doch\u00e1zelo k\u00a0napl\u0148ov\u00e1n\u00ed v\u0161ech na\u0161ich sledovan\u00fdch c\u00edl\u016f, kter\u00e9 jsme ka\u017ed\u00fd ve\u010der spolu s\u00a0ostatn\u00edmi kolegyn\u011bmi v\u00a0r\u00e1mci brainstormingu vyhodnocovaly a porovn\u00e1valy. Posledn\u00ed den v\u00a0Helsink\u00e1ch jsme si v\u00a0r\u00e1mci voln\u00e9ho programu u\u017eily pozn\u00e1v\u00e1n\u00ed tohoto kr\u00e1sn\u00e9ho m\u011bsta a jeho okol\u00ed a mohly nav\u0161t\u00edvit nap\u0159. helsinsk\u00fd p\u0159\u00edstav s\u00a0m\u00edstn\u00edmi trhy, honosnou katedr\u00e1lu na Sen\u00e1tn\u00edm n\u00e1m\u011bst\u00ed, nebo nedalekou pevnost z\u00a01. sv\u011btov\u00e9 v\u00e1lky na ostrov\u011b Suomenlinna, na kter\u00fd je zaji\u0161t\u011bna pravideln\u00e1 kyvadlov\u00e1 lodn\u00ed doprava.\n\nNyn\u00ed bude prob\u00edhat vyhodnocen\u00ed v\u00fdjezdu a n\u00e1sledn\u00e9 sd\u00edlen\u00ed z\u00edskan\u00fdch informac\u00ed nejen s\u00a0dal\u0161\u00edmi kolegyn\u011bmi ze z\u00fa\u010dastn\u011bn\u00fdch mate\u0159sk\u00fdch \u0161kol, ale se v\u0161emi M\u0160, kter\u00e9 jsou zapojeny do akc\u00ed s\u00a0m\u00edstn\u00ed ak\u010dn\u00ed skupinou MAS Dolnob\u0159e\u017eansko.\n\nTak\u00e9 se p\u0159ipravuje dal\u0161\u00ed v\u00fdjezd, kter\u00fd je pl\u00e1novan\u00fd na Slovensko a m\u011bl by prob\u011bhnout na podzim 2024.\n\n&nbsp;\t\t\t\t\t\t<\/div>\n\t\t\t\t<\/div>\n\t\t            <\/div>\n        <\/div>\n                            <\/div>\n        <\/section>\n                <section class=\"elementor-section elementor-top-section elementor-element elementor-element-2bbd437 elementor-section-boxed elementor-section-height-default elementor-section-height-default\" data-id=\"2bbd437\" data-element_type=\"section\">\n            \n                        <div class=\"elementor-container elementor-column-gap-default \">\n                    <div class=\"elementor-column elementor-col-33 elementor-top-column elementor-element elementor-element-ee91a26\" data-id=\"ee91a26\" data-element_type=\"column\">\n            <div class=\"elementor-widget-wrap elementor-element-populated\">\n                        \t\t<div class=\"elementor-element elementor-element-97ae3d1 elementor-widget elementor-widget-image\" data-id=\"97ae3d1\" data-element_type=\"widget\" data-widget_type=\"image.default\">\n\t\t\t\t<div class=\"elementor-widget-container\">\n\t\t\t<style>\/*! elementor - v3.13.3 - 28-05-2023 *\/\n.elementor-widget-image{text-align:center}.elementor-widget-image a{display:inline-block}.elementor-widget-image a img[src$=\".svg\"]{width:48px}.elementor-widget-image img{vertical-align:middle;display:inline-block}<\/style>\t\t\t\t\t\t\t\t\t\t\t\t<img decoding=\"async\" width=\"640\" height=\"853\" src=\"https:\/\/msjilove.cz\/wp-content\/uploads\/2024\/06\/Finsko-foto_2-768x1024.jpg\" class=\"attachment-large size-large wp-image-31587\" alt=\"\" srcset=\"https:\/\/msjilove.cz\/wp-content\/uploads\/2024\/06\/Finsko-foto_2-768x1024.jpg 768w, https:\/\/msjilove.cz\/wp-content\/uploads\/2024\/06\/Finsko-foto_2-225x300.jpg 225w, https:\/\/msjilove.cz\/wp-content\/uploads\/2024\/06\/Finsko-foto_2-1152x1536.jpg 1152w, https:\/\/msjilove.cz\/wp-content\/uploads\/2024\/06\/Finsko-foto_2-1320x1760.jpg 1320w, https:\/\/msjilove.cz\/wp-content\/uploads\/2024\/06\/Finsko-foto_2.jpg 1536w\" sizes=\"(max-width: 640px) 100vw, 640px\" \/>\t\t\t\t\t\t\t\t\t\t\t\t\t\t\t<\/div>\n\t\t\t\t<\/div>\n\t\t            <\/div>\n        <\/div>\n                <div class=\"elementor-column elementor-col-33 elementor-top-column elementor-element elementor-element-c138d86\" data-id=\"c138d86\" data-element_type=\"column\">\n            <div class=\"elementor-widget-wrap elementor-element-populated\">\n                        \t\t<div class=\"elementor-element elementor-element-834375b elementor-widget elementor-widget-image\" data-id=\"834375b\" data-element_type=\"widget\" data-widget_type=\"image.default\">\n\t\t\t\t<div class=\"elementor-widget-container\">\n\t\t\t\t\t\t\t\t\t\t\t\t\t\t\t<img decoding=\"async\" width=\"640\" height=\"480\" src=\"https:\/\/msjilove.cz\/wp-content\/uploads\/2024\/06\/Finsko-foto_3-1024x768.jpg\" class=\"attachment-large size-large wp-image-31588\" alt=\"\" srcset=\"https:\/\/msjilove.cz\/wp-content\/uploads\/2024\/06\/Finsko-foto_3-1024x768.jpg 1024w, https:\/\/msjilove.cz\/wp-content\/uploads\/2024\/06\/Finsko-foto_3-300x225.jpg 300w, https:\/\/msjilove.cz\/wp-content\/uploads\/2024\/06\/Finsko-foto_3-768x576.jpg 768w, https:\/\/msjilove.cz\/wp-content\/uploads\/2024\/06\/Finsko-foto_3-1536x1152.jpg 1536w, https:\/\/msjilove.cz\/wp-content\/uploads\/2024\/06\/Finsko-foto_3-1320x990.jpg 1320w, https:\/\/msjilove.cz\/wp-content\/uploads\/2024\/06\/Finsko-foto_3.jpg 1600w\" sizes=\"(max-width: 640px) 100vw, 640px\" \/>\t\t\t\t\t\t\t\t\t\t\t\t\t\t\t<\/div>\n\t\t\t\t<\/div>\n\t\t            <\/div>\n        <\/div>\n                <div class=\"elementor-column elementor-col-33 elementor-top-column elementor-element elementor-element-fcdd7aa\" data-id=\"fcdd7aa\" data-element_type=\"column\">\n            <div class=\"elementor-widget-wrap elementor-element-populated\">\n                        \t\t<div class=\"elementor-element elementor-element-c1cc37b elementor-widget elementor-widget-image\" data-id=\"c1cc37b\" data-element_type=\"widget\" data-widget_type=\"image.default\">\n\t\t\t\t<div class=\"elementor-widget-container\">\n\t\t\t\t\t\t\t\t\t\t\t\t\t\t\t<img decoding=\"async\" width=\"640\" height=\"427\" src=\"https:\/\/msjilove.cz\/wp-content\/uploads\/2024\/06\/Finsko-foto_4-1024x683.jpg\" class=\"attachment-large size-large wp-image-31589\" alt=\"\" srcset=\"https:\/\/msjilove.cz\/wp-content\/uploads\/2024\/06\/Finsko-foto_4-1024x683.jpg 1024w, https:\/\/msjilove.cz\/wp-content\/uploads\/2024\/06\/Finsko-foto_4-300x200.jpg 300w, https:\/\/msjilove.cz\/wp-content\/uploads\/2024\/06\/Finsko-foto_4-768x512.jpg 768w, https:\/\/msjilove.cz\/wp-content\/uploads\/2024\/06\/Finsko-foto_4-1536x1024.jpg 1536w, https:\/\/msjilove.cz\/wp-content\/uploads\/2024\/06\/Finsko-foto_4-2048x1365.jpg 2048w, https:\/\/msjilove.cz\/wp-content\/uploads\/2024\/06\/Finsko-foto_4-1320x880.jpg 1320w\" sizes=\"(max-width: 640px) 100vw, 640px\" \/>\t\t\t\t\t\t\t\t\t\t\t\t\t\t\t<\/div>\n\t\t\t\t<\/div>\n\t\t            <\/div>\n        <\/div>\n                            <\/div>\n        <\/section>\n        \t\t\t\t\t<\/div>\n\t\t","protected":false},"excerpt":{"rendered":"<p>V\u00a0r\u00e1mci evropsk\u00e9ho programu Erasmus + jsme vytvo\u0159ili konsorcium, kter\u00e9ho je na\u0161e mate\u0159sk\u00e1 \u0161kola vedouc\u00ed. V\u00a0kv\u011btnu 2024 jsme uskute\u010dnili v\u00fdjezd u\u010ditel\u016f mate\u0159sk\u00fdch \u0161kol do finsk\u00fdch Helsinek, kam odcestovalo 17 u\u010ditelek ze [&hellip;]<\/p>\n","protected":false},"author":9,"featured_media":31586,"comment_status":"open","ping_status":"open","sticky":false,"template":"","format":"standard","meta":{"footnotes":""},"categories":[1,56,58],"tags":[],"class_list":["post-31585","post","type-post","status-publish","format-standard","has-post-thumbnail","hentry","category-aktuality","category-ms-pod-skolkou-aktuality","category-ms-tyrsova-aktuality"],"_links":{"self":[{"href":"https:\/\/msjilove.cz\/index.php?rest_route=\/wp\/v2\/posts\/31585","targetHints":{"allow":["GET"]}}],"collection":[{"href":"https:\/\/msjilove.cz\/index.php?rest_route=\/wp\/v2\/posts"}],"about":[{"href":"https:\/\/msjilove.cz\/index.php?rest_route=\/wp\/v2\/types\/post"}],"author":[{"embeddable":true,"href":"https:\/\/msjilove.cz\/index.php?rest_route=\/wp\/v2\/users\/9"}],"replies":[{"embeddable":true,"href":"https:\/\/msjilove.cz\/index.php?rest_route=%2Fwp%2Fv2%2Fcomments&post=31585"}],"version-history":[{"count":4,"href":"https:\/\/msjilove.cz\/index.php?rest_route=\/wp\/v2\/posts\/31585\/revisions"}],"predecessor-version":[{"id":31772,"href":"https:\/\/msjilove.cz\/index.php?rest_route=\/wp\/v2\/posts\/31585\/revisions\/31772"}],"wp:featuredmedia":[{"embeddable":true,"href":"https:\/\/msjilove.cz\/index.php?rest_route=\/wp\/v2\/media\/31586"}],"wp:attachment":[{"href":"https:\/\/msjilove.cz\/index.php?rest_route=%2Fwp%2Fv2%2Fmedia&parent=31585"}],"wp:term":[{"taxonomy":"category","embeddable":true,"href":"https:\/\/msjilove.cz\/index.php?rest_route=%2Fwp%2Fv2%2Fcategories&post=31585"},{"taxonomy":"post_tag","embeddable":true,"href":"https:\/\/msjilove.cz\/index.php?rest_route=%2Fwp%2Fv2%2Ftags&post=31585"}],"curies":[{"name":"wp","href":"https:\/\/api.w.org\/{rel}","templated":true}]}}