{"id":34048,"date":"2024-12-08T23:03:00","date_gmt":"2024-12-08T22:03:00","guid":{"rendered":"https:\/\/www.msjilove.cz\/?p=34048"},"modified":"2024-12-08T23:03:00","modified_gmt":"2024-12-08T22:03:00","slug":"navrh-vzdelavacich-cinnosti-9-12-20-12-2024","status":"publish","type":"post","link":"https:\/\/msjilove.cz\/?p=34048","title":{"rendered":"N\u00e1vrh vzd\u011bl\u00e1vac\u00edch \u010dinnost\u00ed 9. 12. \u2013 20. 12. 2024"},"content":{"rendered":"<p>N\u00e1vrh vzd\u011bl\u00e1vac\u00edch \u010dinnost\u00ed 9. 12. \u2013 20. 12. 2024<\/p>\n<p>C\u00edl: D\u011bti dok\u00e1\u017e\u00ed mluvit o V\u00e1noc\u00edch, dok\u00e1\u017e\u00ed vyslovit sv\u00e9 pocity v\u00a0tento \u010das, sv\u00fdmi slovy vysv\u011btlit, co to je Advent. V\u011bd\u00ed, pro\u010d se zapaluj\u00ed sv\u00ed\u010dky na adventn\u00edm v\u011bnci. Jak\u00fd je m\u011bs\u00edc, jak\u00e9 za\u010d\u00edn\u00e1 ro\u010dn\u00ed obdob\u00ed. Hlavn\u00edm c\u00edlem v\u0161ak je, aby si d\u011bti v\u00e1no\u010dn\u00ed \u010das u\u017eily i ve \u0161kolce.<\/p>\n<p>Pan\u00ed zima \u010daruje<\/p>\n<p>Adventn\u00ed \u010das &#8211; V\u00e1noce p\u0159ich\u00e1zej\u00ed<\/p>\n<p><strong>Komunitn\u00ed kruh<\/strong><\/p>\n<ul>\n<li>Co n\u00e1s bavilo nebo co jsme zaj\u00edmav\u00e9ho pro\u017eili o v\u00edkendu?<\/li>\n<li>Co je to Advent? Zvyky v\u00a0dob\u011b adventu. Sv\u011bt\u00fdlka a v\u00fdzdoba.<\/li>\n<li>Adventn\u00ed poh\u00e1dkov\u00fd kalend\u00e1\u0159.<\/li>\n<li>Prosinec \u2013 \u010dasov\u00e1 orientace (Posledn\u00ed m\u011bs\u00edc v\u00a0roce, zima atd.).<\/li>\n<li>Jak u n\u00e1s doma vypadaj\u00ed V\u00e1noce? Co je to tradice a jak\u00e9 zn\u00e1me? Co si p\u0159ejeme pod strome\u010dek?<\/li>\n<li>Najdi p\u011bt rozd\u00edl\u016f; Co vid\u00edme na obr\u00e1zku; Prav\u00e1, lev\u00e1.<\/li>\n<li>B\u00e1sni\u010dky a \u0159\u00edkadla:<\/li>\n<\/ul>\n<p>Na adventn\u00edm v\u011bnci v ned\u011bli,<br \/>\nzap\u00e1l\u00edme prvn\u00ed sv\u00ed\u010dku,<br \/>\nto abychom zas v\u011bd\u011bli,<br \/>\n\u017ee V\u00e1noce jsou na kraj\u00ed\u010dku.<\/p>\n<p><strong>Pohybov\u00e1 \u010dinnost<\/strong><\/p>\n<ul>\n<li>V\u00e1no\u010dn\u00ed tanec, cvi\u010den\u00ed s\u00a0M\u00ed\u0161ou, pohyb na hudbu, opakov\u00e1n\u00ed pohyb\u016f.<\/li>\n<li>Procvi\u010d\u00edme si t\u011blo a zam\u011b\u0159\u00edme se na nohy a z\u00e1da.)<\/li>\n<li>Relaxace u v\u00e1no\u010dn\u00edch p\u00edsn\u00ed. Co si pamatujeme z\u00a0poslechu?<\/li>\n<\/ul>\n<p><strong>Hudebn\u00ed \u010dinnost<\/strong><\/p>\n<ul>\n<li>Poslechneme a zazp\u00edv\u00e1me si koledy, p\u00edse\u0148 Prosinec (J.Uhl\u00ed\u0159 a Z.Sv\u011br\u00e1k).<\/li>\n<li>Opakujeme p\u00edsni\u010dky na v\u00e1no\u010dn\u00ed bes\u00eddku.<\/li>\n<li>Zkus\u00edme si hudebn\u00ed n\u00e1stroje.<\/li>\n<li>Budeme vytlesk\u00e1vat slova do t\u00e9matu a zam\u011b\u0159\u00edme se na prvn\u00ed p\u00edsmeno ve slov\u011b.<\/li>\n<\/ul>\n<p><strong>V\u00fdtvarn\u00e1 \u010dinnost<\/strong><\/p>\n<ul>\n<li>Budeme kreslit, st\u0159\u00edhat a lepit: P\u0159\u00e1n\u00ed\u010dka a d\u00e1re\u010dky pro rodi\u010de, ozdobi\u010dky, adventn\u00ed v\u011bnec, strome\u010dek, kap\u0159\u00edka podl<\/li>\n<li>Pracovn\u00ed list do t\u00e9matu.<\/li>\n<\/ul>\n<p><strong>Ostatn\u00ed:<\/strong><\/p>\n<p>N\u00e1cvik na vystoupen\u00ed. Proch\u00e1zka po okol\u00ed \u0161kolky, na n\u00e1m\u011bst\u00ed. Pod\u00edv\u00e1me se na strome\u010dek a betl\u00e9m.<\/p>\n<p>&nbsp;<\/p>\n","protected":false},"excerpt":{"rendered":"<p>N\u00e1vrh vzd\u011bl\u00e1vac\u00edch \u010dinnost\u00ed 9. 12. \u2013 20. 12. 2024 C\u00edl: D\u011bti dok\u00e1\u017e\u00ed mluvit o V\u00e1noc\u00edch, dok\u00e1\u017e\u00ed vyslovit sv\u00e9 pocity v\u00a0tento \u010das, sv\u00fdmi slovy vysv\u011btlit, co to je Advent. V\u011bd\u00ed, pro\u010d [&hellip;]<\/p>\n","protected":false},"author":11,"featured_media":0,"comment_status":"open","ping_status":"open","sticky":false,"template":"","format":"standard","meta":{"footnotes":""},"categories":[48],"tags":[],"class_list":["post-34048","post","type-post","status-publish","format-standard","hentry","category-ms-pod-skolkou-aktuality-opicky"],"_links":{"self":[{"href":"https:\/\/msjilove.cz\/index.php?rest_route=\/wp\/v2\/posts\/34048","targetHints":{"allow":["GET"]}}],"collection":[{"href":"https:\/\/msjilove.cz\/index.php?rest_route=\/wp\/v2\/posts"}],"about":[{"href":"https:\/\/msjilove.cz\/index.php?rest_route=\/wp\/v2\/types\/post"}],"author":[{"embeddable":true,"href":"https:\/\/msjilove.cz\/index.php?rest_route=\/wp\/v2\/users\/11"}],"replies":[{"embeddable":true,"href":"https:\/\/msjilove.cz\/index.php?rest_route=%2Fwp%2Fv2%2Fcomments&post=34048"}],"version-history":[{"count":1,"href":"https:\/\/msjilove.cz\/index.php?rest_route=\/wp\/v2\/posts\/34048\/revisions"}],"predecessor-version":[{"id":34049,"href":"https:\/\/msjilove.cz\/index.php?rest_route=\/wp\/v2\/posts\/34048\/revisions\/34049"}],"wp:attachment":[{"href":"https:\/\/msjilove.cz\/index.php?rest_route=%2Fwp%2Fv2%2Fmedia&parent=34048"}],"wp:term":[{"taxonomy":"category","embeddable":true,"href":"https:\/\/msjilove.cz\/index.php?rest_route=%2Fwp%2Fv2%2Fcategories&post=34048"},{"taxonomy":"post_tag","embeddable":true,"href":"https:\/\/msjilove.cz\/index.php?rest_route=%2Fwp%2Fv2%2Ftags&post=34048"}],"curies":[{"name":"wp","href":"https:\/\/api.w.org\/{rel}","templated":true}]}}