{"id":34698,"date":"2025-03-01T21:49:30","date_gmt":"2025-03-01T20:49:30","guid":{"rendered":"https:\/\/www.msjilove.cz\/?p=34698"},"modified":"2025-03-03T08:03:03","modified_gmt":"2025-03-03T07:03:03","slug":"navrh-vzdelavacich-cinnosti-od-3-3-2025-21-3-2025","status":"publish","type":"post","link":"https:\/\/msjilove.cz\/?p=34698","title":{"rendered":"N\u00e1vrh vzd\u011bl\u00e1vac\u00edch \u010dinnost\u00ed od 3.3.2025 &#8211; 21.3.2025"},"content":{"rendered":"<p>&nbsp;<\/p>\n<p><strong><u><a href=\"https:\/\/msjilove.cz\/wp-content\/uploads\/2025\/03\/Jarni-pozdrav-9.jpg\"><img decoding=\"async\" class=\"alignnone size-medium wp-image-34699\" src=\"https:\/\/msjilove.cz\/wp-content\/uploads\/2025\/03\/Jarni-pozdrav-9-200x300.jpg\" alt=\"\" width=\"200\" height=\"300\" srcset=\"https:\/\/msjilove.cz\/wp-content\/uploads\/2025\/03\/Jarni-pozdrav-9-200x300.jpg 200w, https:\/\/msjilove.cz\/wp-content\/uploads\/2025\/03\/Jarni-pozdrav-9-683x1024.jpg 683w, https:\/\/msjilove.cz\/wp-content\/uploads\/2025\/03\/Jarni-pozdrav-9.jpg 720w\" sizes=\"(max-width: 200px) 100vw, 200px\" \/><\/a><\/u><\/strong><\/p>\n<p><strong><u>N\u00e1vrh vzd\u011bl\u00e1vac\u00edch \u010dinnost\u00ed od 3.3.2025 \u2013 21.3.2025<\/u><\/strong><\/p>\n<p>&nbsp;<\/p>\n<p><strong><u>T\u00e9ma:<\/u><\/strong> \u00a0Jaro \u0165uk\u00e1 na vr\u00e1tka<\/p>\n<p><strong><u>Podt\u00e9ma: <\/u><\/strong>P\u0159\u00edroda se probouz\u00ed ze zimn\u00edho sp\u00e1nku, zm\u011bny v\u00a0p\u0159\u00edrod\u011b. Zv\u00ed\u0159\u00e1tka se probouzej\u00ed ze zimn\u00edho sp\u00e1nku, prvn\u00ed jarn\u00ed kv\u011btiny, ke\u0159e, stromy.<\/p>\n<p>&nbsp;<\/p>\n<p><strong><u>C\u00edl<\/u><\/strong> \u2013 Sezn\u00e1mit d\u011bti se znaky probouzej\u00edc\u00ed se p\u0159\u00edrody, v\u00fdznamem jara. \u010cast\u011bji sly\u0161\u00edme zp\u00edvat pt\u00e1ky, za\u010d\u00ednaj\u00ed bzu\u010det v\u010delky, mouchy, m\u016f\u017eeme naj\u00edt mravence a dal\u0161\u00ed hmyz. Kv\u011btiny, ke\u0159e, stromy \u2013 zm\u011bny spojen\u00e9 s\u00a0p\u0159\u00edchodem jara, uv\u011bdom\u011bn\u00ed si st\u0159\u00edd\u00e1n\u00ed ro\u010dn\u00edho obdob\u00ed (den se prodlu\u017euje, noc se zkracuje).<\/p>\n<p>&nbsp;<\/p>\n<p><strong><u>Komunitn\u00ed kruh:<\/u><\/strong><\/p>\n<ul>\n<li>Z\u00e1\u017eitky z\u00a0v\u00edkendu<\/li>\n<li>Co n\u00e1s \u010dek\u00e1 tento t\u00fdden<\/li>\n<li>Opakov\u00e1n\u00ed ro\u010dn\u00edho obdob\u00ed, dn\u016f v\u00a0t\u00fddnu, m\u011bs\u00edc\u016f<\/li>\n<li>Oble\u010den\u00ed \u2013 jak se obl\u00e9k\u00e1me<\/li>\n<li>Zm\u011bny v\u00a0p\u0159\u00edrod\u011b \u2013 co pat\u0159\u00ed k\u00a0jaru<\/li>\n<li>Co n\u00e1m za\u010d\u00edn\u00e1 kv\u00e9st<\/li>\n<li>Jak se m\u011bn\u00ed ke\u0159e, stromy<\/li>\n<li>Jak\u00e1 zv\u00ed\u0159\u00e1tka se probouz\u00ed ze zimn\u00edho sp\u00e1nku<\/li>\n<li><\/li>\n<\/ul>\n<p><strong><u>Pohybov\u00e9 aktivity: <\/u><\/strong><\/p>\n<ul>\n<li>Cvi\u010d\u00edme s\u00a0M\u00ed\u0161ou<\/li>\n<li>P\u0159ek\u00e1\u017ekov\u00e1 dr\u00e1ha<\/li>\n<li>B\u00e1sni\u010dky s\u00a0pohybem<\/li>\n<li>Skok sno\u017emo, skok na jedn\u00e9 noze<\/li>\n<li>Zdravotn\u00ed a protahovac\u00ed cvi\u010den\u00ed na spr\u00e1vn\u00e9 dr\u017een\u00ed t\u011bla<\/li>\n<li>PH \u2013 Na slun\u00ed\u010dko<\/li>\n<li>PH \u2013 Zaj\u00ed\u010dek v\u00a0sv\u00e9 jamce sed\u00ed s\u00e1m<\/li>\n<li>PH \u2013 Chod\u00ed pe\u0161ek okolo<\/li>\n<\/ul>\n<p>&nbsp;<\/p>\n<p><strong><u>Hudebn\u00ed \u010dinnosti:<\/u><\/strong><\/p>\n<ul>\n<li>B\u00e1sni\u010dka \u2013 Na ja\u0159e<\/li>\n<li>P\u00edsni\u010dky \u201eOd jara a\u017e do zimy\u201c \u2013 Jarn\u00ed br\u00e1na, P\u0159i\u0161lo jaro<\/li>\n<li>Opakov\u00e1n\u00ed nau\u010den\u00fdch b\u00e1sni\u010dek<\/li>\n<li>Rytmick\u00e1 cvi\u010den\u00ed s\u00a0d\u0159\u00edvky<\/li>\n<\/ul>\n<p><strong><u>V\u00fdtvarn\u00e9 \u010dinnosti:<\/u><\/strong><\/p>\n<ul>\n<li>Kl\u00ed\u010d k\u00a0jarn\u00ed br\u00e1n\u011b \u2013 pr\u00e1ce se \u0161t\u011btcem a barvou<\/li>\n<li>Slunce &#8211; st\u0159\u00edh\u00e1n\u00ed a lepen\u00ed<\/li>\n<li>Sn\u011b\u017eenka \u2013 otisk ruky<\/li>\n<li>Skupinov\u00e1 pr\u00e1ce \u2013 jarn\u00ed kv\u011btiny, v\u00fdzdoba oken<\/li>\n<li>Pr\u00e1ce s\u00a0model\u00ednou<\/li>\n<li>Omalov\u00e1nky k\u00a0t\u00e9matu<\/li>\n<\/ul>\n<p>P\u0159ed\u010dten\u00e1\u0159sk\u00e9 \u010dinnosti:<\/p>\n<ul>\n<li>Sezn\u00e1men\u00ed s\u00a0b\u00e1sni\u010dkou Na ja\u0159e<\/li>\n<li>Motiva\u010dn\u00ed poh\u00e1dka \u201eO jarn\u00edm slun\u00ed\u010dku\u2018\u2018<\/li>\n<li>Prohl\u00ed\u017een\u00ed \u010dasopis\u016f a knih<\/li>\n<\/ul>\n<p><strong><u>\u00a0<\/u><\/strong><\/p>\n<p><strong><u>B\u00e1sni\u010dka Na ja\u0159e<\/u><\/strong><\/p>\n<p>Do zahr\u00e1dky p\u0159i\u0161lo jaro,<\/p>\n<p>copak se tam asi stalo?<\/p>\n<p>Rozkvetly n\u00e1m kyti\u010dky,<\/p>\n<p>Narcis, krokus, ko\u010di\u010dky.<\/p>\n<p>V\u010deli\u010dka k\u00a0nim p\u00e1v\u011b let\u00ed,<\/p>\n<p>pod\u00edvejte tamhle d\u011bti.<\/p>\n<p>&nbsp;<\/p>\n<p><strong><u>Ostatn\u00ed: <\/u><\/strong><\/p>\n<ul>\n<li>Pracovn\u00ed listy \u2013 grafomotorika, zrakov\u00e9 vn\u00edm\u00e1n\u00ed<\/li>\n<li>Logick\u00e9 my\u0161len\u00ed \u2013 dvojice obr\u00e1zk\u016f, kter\u00e9 k\u00a0sob\u011b nepat\u0159\u00ed<\/li>\n<li>Prvn\u00ed a posledn\u00ed p\u00edsmeno ve slov\u011b<\/li>\n<li>Vytlesk\u00e1v\u00e1n\u00ed slov \u2013 po\u010det slabik<\/li>\n<li>P\u0159edmatematick\u00e9 dovednosti, barvy<\/li>\n<li>P\u011bstitelsk\u00fd pokus \u2013 zasejeme sem\u00ednko a budeme pozorovat, jak roste<\/li>\n<li>Zrakov\u00e9 vn\u00edm\u00e1n\u00ed \u2013 hled\u00e1n\u00ed rozd\u00edl\u016f, co do \u0159ady nepat\u0159\u00ed, co vid\u00edm na obr\u00e1zku &#8211; popis<\/li>\n<\/ul>\n<p><strong><u>Pou\u010den\u00ed:<\/u><\/strong><\/p>\n<p>Nepov\u011b\u0159ovat d\u011bti poch\u016fzkami, vy\u0159izov\u00e1n\u00edm vzkaz\u016f a p\u0159en\u00e1\u0161en\u00edm objemn\u00fdch nebo t\u011b\u017ek\u00fdch p\u0159edm\u011bt\u016f.<\/p>\n<p>Sezn\u00e1mit d\u011bti se z\u00e1sadami dopravn\u00edch situac\u00ed, p\u0159ech\u00e1zen\u00ed p\u0159es silnici apod.<\/p>\n<p>Upozornit na nebezpe\u010dn\u00e1 m\u00edsta v\u00a0ter\u00e9nu, na \u0161koln\u00ed zahrad\u011b, na cest\u011b na vych\u00e1zky (pozornost p\u0159i ch\u016fzi).<\/p>\n<p>&nbsp;<\/p>\n<p>&nbsp;<\/p>\n<p>&nbsp;<\/p>\n<p><strong><u>EVVO:<\/u><\/strong><\/p>\n<p>2.1.1.1. uv\u011bdom\u011bn\u00ed si souvislost\u00ed mezi st\u0159\u00edd\u00e1n\u00edm ro\u010dn\u00edch obdob\u00ed a zm\u011bnami v p\u0159\u00edrod\u011b<\/p>\n<p>2.1.2. Pozn\u00e1v\u00e1n\u00ed p\u0159\u00edrody v\u00a0jej\u00ed rozmanitosti a kr\u00e1se<\/p>\n<p>&nbsp;<\/p>\n<p>&nbsp;<\/p>\n","protected":false},"excerpt":{"rendered":"<p>&nbsp; N\u00e1vrh vzd\u011bl\u00e1vac\u00edch \u010dinnost\u00ed od 3.3.2025 \u2013 21.3.2025 &nbsp; T\u00e9ma: \u00a0Jaro \u0165uk\u00e1 na vr\u00e1tka Podt\u00e9ma: P\u0159\u00edroda se probouz\u00ed ze zimn\u00edho sp\u00e1nku, zm\u011bny v\u00a0p\u0159\u00edrod\u011b. Zv\u00ed\u0159\u00e1tka se probouzej\u00ed ze zimn\u00edho sp\u00e1nku, prvn\u00ed [&hellip;]<\/p>\n","protected":false},"author":8,"featured_media":0,"comment_status":"open","ping_status":"open","sticky":false,"template":"","format":"standard","meta":{"footnotes":""},"categories":[47],"tags":[],"class_list":["post-34698","post","type-post","status-publish","format-standard","hentry","category-ms-pod-skolkou-aktuality-slunata"],"_links":{"self":[{"href":"https:\/\/msjilove.cz\/index.php?rest_route=\/wp\/v2\/posts\/34698","targetHints":{"allow":["GET"]}}],"collection":[{"href":"https:\/\/msjilove.cz\/index.php?rest_route=\/wp\/v2\/posts"}],"about":[{"href":"https:\/\/msjilove.cz\/index.php?rest_route=\/wp\/v2\/types\/post"}],"author":[{"embeddable":true,"href":"https:\/\/msjilove.cz\/index.php?rest_route=\/wp\/v2\/users\/8"}],"replies":[{"embeddable":true,"href":"https:\/\/msjilove.cz\/index.php?rest_route=%2Fwp%2Fv2%2Fcomments&post=34698"}],"version-history":[{"count":1,"href":"https:\/\/msjilove.cz\/index.php?rest_route=\/wp\/v2\/posts\/34698\/revisions"}],"predecessor-version":[{"id":34700,"href":"https:\/\/msjilove.cz\/index.php?rest_route=\/wp\/v2\/posts\/34698\/revisions\/34700"}],"wp:attachment":[{"href":"https:\/\/msjilove.cz\/index.php?rest_route=%2Fwp%2Fv2%2Fmedia&parent=34698"}],"wp:term":[{"taxonomy":"category","embeddable":true,"href":"https:\/\/msjilove.cz\/index.php?rest_route=%2Fwp%2Fv2%2Fcategories&post=34698"},{"taxonomy":"post_tag","embeddable":true,"href":"https:\/\/msjilove.cz\/index.php?rest_route=%2Fwp%2Fv2%2Ftags&post=34698"}],"curies":[{"name":"wp","href":"https:\/\/api.w.org\/{rel}","templated":true}]}}