{"id":6146,"date":"2022-02-27T14:54:43","date_gmt":"2022-02-27T13:54:43","guid":{"rendered":"https:\/\/www.msjilove.cz\/?p=6146"},"modified":"2022-03-17T08:34:26","modified_gmt":"2022-03-17T07:34:26","slug":"tydenni-plan-28-2-11-3-2022","status":"publish","type":"post","link":"https:\/\/msjilove.cz\/?p=6146","title":{"rendered":"T\u00fddenn\u00ed pl\u00e1n 28.2. &#8211; 18.3.2022"},"content":{"rendered":"<p><img decoding=\"async\" class=\"\" src=\"https:\/\/th.bing.com\/th\/id\/R.8db4c9972aba6c2fe9d63a8cecce9d8b?rik=9MZ%2fx8stf1ARPA&amp;riu=http%3a%2f%2fimages.myshared.ru%2f9%2f863088%2fslide_2.jpg&amp;ehk=thEhWx8C2%2bQ8Wihgil1MIk2vMZ8amq1BeQ7MjzmKnQk%3d&amp;risl=&amp;pid=ImgRaw&amp;r=0\" alt=\"Zobrazit zdrojov\u00fd obr\u00e1zek\" width=\"424\" height=\"318\" \/><\/p>\n<p><strong>T\u00e9ma:<\/strong> Jaro se probouz\u00ed &#8211; prvn\u00ed jarn\u00ed kyti\u010dky, pu\u010d\u00ed stromy a ke\u0159e<br \/>\nZm\u011bny v p\u0159\u00edrod\u011b &#8211; obl\u00e9k\u00e1n\u00ed, po\u010das\u00ed, prodlu\u017euje se den a zkracuje se noc<\/p>\n<p><strong>C\u00edl:<\/strong><br \/>\n&#8211; rozvoj rytmick\u00fdch, rovnov\u00e1\u017en\u00fdch schopnost\u00ed, kooperace hrub\u00e9 motoriky<br \/>\n&#8211; rozvoj jemn\u00e9 motoriky, p\u0159edstavivosti<br \/>\n&#8211; rozvoj rytmizace<br \/>\n&#8211; rozvoj enviroment\u00e1ln\u00ed oblasti<br \/>\n&#8211; roz\u0161\u00ed\u0159en\u00ed pov\u011bdom\u00ed o zem\u011bpisu a ciz\u00edch jazyc\u00edch (soci\u00e1ln\u011b-kulturn\u00ed oblast)<\/p>\n<p><strong>Komunitn\u00ed kruh:<\/strong><br \/>\n&#8211; sezn\u00e1men\u00ed s t\u00e9matem<br \/>\n&#8211; co jsme d\u011blali o v\u00edkendu<br \/>\n&#8211; opakov\u00e1n\u00ed dn\u016f v t\u00fddnu<br \/>\n&#8211; s\u00e1z\u00edme traviny a nech\u00e1me kl\u00ed\u010dit fazolky, hr\u00e1\u0161ek<br \/>\n&#8211; pokus voda &#8211; cukr<br \/>\n&#8211; e-Twinning: pozn\u00e1v\u00e1me kamar\u00e1dy ze zahrani\u010d\u00ed: p\u0159edstaven\u00ed zem\u011b, online setk\u00e1n\u00ed s\u00a0d\u011btmi partnersk\u00fdch \u0161kolek (N\u011bmecko, Slovensko)<br \/>\n&#8211; tematick\u00e9 pracovn\u00ed listy<br \/>\n&#8211; tematick\u00e9 omalov\u00e1nky<\/p>\n<p><strong>V\u00fdtvarn\u00e1 \u010dinnost:<\/strong><br \/>\n&#8211; vrbov\u00e9 ko\u010di\u010dky<br \/>\n&#8211; sn\u011b\u017eenka + jin\u00e9 jarn\u00ed kyti\u010dky<br \/>\n&#8211; kl\u00ed\u010d &#8211; otev\u00edr\u00e1me jaro<br \/>\n&#8211; barvy jara<\/p>\n<p><strong>Hudebn\u00ed \u010dinnost:<\/strong><br \/>\n&#8211; Jaro d\u011bl\u00e1 pokusy<br \/>\n&#8211; poslech zvuk\u016f jara: zp\u011bv pt\u00e1k\u016f, l\u00e9t\u00e1n\u00ed hmyzu<br \/>\n&#8211; instrument\u00e1ln\u00ed improvizace &#8211; rosa<br \/>\n&#8211; hra na d\u011btsk\u00e9 hudebn\u00ed n\u00e1stroje<br \/>\n&#8211; dechov\u00e9 \u010dinnosti<\/p>\n<p><strong>P\u0159ed\u010dten\u00e1\u0159ska a \u0159e\u010dov\u00e1 \u010dinnost:<\/strong><br \/>\n&#8211; jak\u00e9 jsou znaky jara<br \/>\n&#8211; zm\u011bny v p\u0159\u00edrod\u011b &#8211; po\u010das\u00ed, prodlu\u017euje se den a zkracuje se noc<br \/>\n&#8211; obl\u00e9k\u00e1n\u00ed<br \/>\n&#8211; zv\u00ed\u0159\u00e1tka<\/p>\n<p><strong>P\u0159edmatematick\u00e9 \u010dinnosti:<\/strong><br \/>\n&#8211; spo\u010d\u00edtej kv\u011btiny<\/p>\n<p><strong>T\u011blesn\u00e1 \u010dinnost:<\/strong><br \/>\n&#8211; p\u0159ek\u00e1\u017ekov\u00e1 dr\u00e1ha<br \/>\n&#8211; tanec \u2013 na t\u00e9ma d\u011btsk\u00fdch \u0159\u00edkanek<br \/>\n&#8211; jarn\u00ed kyti\u010dka<br \/>\n&#8211; l\u00e9t\u00e1n\u00ed hmyzu<br \/>\n&#8211; j\u00f3ga \u2013 kl\u00ed\u010d\u00ed sem\u00ednko, v\u00edt\u00e1me jaro, zem\u011b se probouz\u00ed<\/p>\n<p><strong>B\u00e1sni\u010dka:<\/strong><br \/>\n<strong>Jaro:<\/strong><br \/>\nDo zahr\u00e1dky p\u0159i\u0161lo jaro,<br \/>\ncopak se tam asi stalo?<br \/>\nRozkvetly n\u00e1m kyti\u010dky,<br \/>\nnarcis, krokus, ko\u010di\u010dky.<br \/>\nV\u010deli\u010dka k nim pr\u00e1v\u011b let\u00ed,<br \/>\npod\u00edvejte, tamhle d\u011bti.<\/p>\n","protected":false},"excerpt":{"rendered":"<p>T\u00e9ma: Jaro se probouz\u00ed &#8211; prvn\u00ed jarn\u00ed kyti\u010dky, pu\u010d\u00ed stromy a ke\u0159e Zm\u011bny v p\u0159\u00edrod\u011b &#8211; obl\u00e9k\u00e1n\u00ed, po\u010das\u00ed, prodlu\u017euje se den a zkracuje se noc C\u00edl: &#8211; rozvoj rytmick\u00fdch, rovnov\u00e1\u017en\u00fdch [&hellip;]<\/p>\n","protected":false},"author":15,"featured_media":0,"comment_status":"open","ping_status":"open","sticky":false,"template":"","format":"standard","meta":{"footnotes":""},"categories":[53],"tags":[],"class_list":["post-6146","post","type-post","status-publish","format-standard","hentry","category-ms-podskolkou-aktuality-tygrici"],"_links":{"self":[{"href":"https:\/\/msjilove.cz\/index.php?rest_route=\/wp\/v2\/posts\/6146","targetHints":{"allow":["GET"]}}],"collection":[{"href":"https:\/\/msjilove.cz\/index.php?rest_route=\/wp\/v2\/posts"}],"about":[{"href":"https:\/\/msjilove.cz\/index.php?rest_route=\/wp\/v2\/types\/post"}],"author":[{"embeddable":true,"href":"https:\/\/msjilove.cz\/index.php?rest_route=\/wp\/v2\/users\/15"}],"replies":[{"embeddable":true,"href":"https:\/\/msjilove.cz\/index.php?rest_route=%2Fwp%2Fv2%2Fcomments&post=6146"}],"version-history":[{"count":2,"href":"https:\/\/msjilove.cz\/index.php?rest_route=\/wp\/v2\/posts\/6146\/revisions"}],"predecessor-version":[{"id":6275,"href":"https:\/\/msjilove.cz\/index.php?rest_route=\/wp\/v2\/posts\/6146\/revisions\/6275"}],"wp:attachment":[{"href":"https:\/\/msjilove.cz\/index.php?rest_route=%2Fwp%2Fv2%2Fmedia&parent=6146"}],"wp:term":[{"taxonomy":"category","embeddable":true,"href":"https:\/\/msjilove.cz\/index.php?rest_route=%2Fwp%2Fv2%2Fcategories&post=6146"},{"taxonomy":"post_tag","embeddable":true,"href":"https:\/\/msjilove.cz\/index.php?rest_route=%2Fwp%2Fv2%2Ftags&post=6146"}],"curies":[{"name":"wp","href":"https:\/\/api.w.org\/{rel}","templated":true}]}}