{"id":6392,"date":"2022-03-21T14:29:23","date_gmt":"2022-03-21T13:29:23","guid":{"rendered":"https:\/\/www.msjilove.cz\/?p=6392"},"modified":"2022-03-22T12:50:52","modified_gmt":"2022-03-22T11:50:52","slug":"6392","status":"publish","type":"post","link":"https:\/\/msjilove.cz\/?p=6392","title":{"rendered":"T\u00fddenn\u00ed pl\u00e1n 21.-25.3.2022"},"content":{"rendered":"<p><strong>T\u00fddenn\u00ed pl\u00e1n 21.-25.3.2022<\/strong><\/p>\n<p><strong>T\u00e9ma : Jaro \u0165uk\u00e1 na vr\u00e1tka<\/strong><\/p>\n<p><strong>T\u00e9ma t\u00fddne : Jaro na zahr\u00e1dce<\/strong><\/p>\n<p><strong>\u00a0<\/strong><\/p>\n<p><strong>C\u00edle:<\/strong> sezn\u00e1men\u00ed d\u011bti se zahr\u00e1dkou<\/p>\n<p>&nbsp;<\/p>\n<p><strong>Komunitn\u00ed kruh<\/strong><\/p>\n<ul>\n<li>Pov\u00edd\u00e1n\u00ed o pro\u017eitc\u00edch z\u00a0v\u00edkendu<\/li>\n<li>sezn\u00e1men\u00ed s\u00a0t\u00fddenn\u00edm pl\u00e1nem<\/li>\n<li>rozpoznej jarn\u00ed kyti\u010dky<\/li>\n<li>Zm\u011bny v\u00a0po\u010das\u00ed<\/li>\n<\/ul>\n<p><strong>Pohyb<\/strong><\/p>\n<ul>\n<li>P\u00edsni\u010dky s\u00a0pohybem<\/li>\n<li>\u0160el zahradn\u00edk\u2026..<\/li>\n<li>Cvi\u010den\u00ed s\u00a0m\u00ed\u010dky<\/li>\n<\/ul>\n<p><strong>V\u00fdtvarn\u00e1 a pracovn\u00ed \u010dinnost<\/strong><\/p>\n<ul>\n<li>Jarn\u00ed kv\u011bty<\/li>\n<li>S\u00e1zen\u00ed sem\u00ednek<\/li>\n<li>Tulip\u00e1ny<\/li>\n<\/ul>\n<p><strong>Pozn\u00e1v\u00e1me sv\u011bt<\/strong><\/p>\n<ul>\n<li>Prohl\u00ed\u017een\u00ed kn\u00ed\u017eek a encyklopedii<\/li>\n<li>Prozkoum\u00e1v\u00e1n\u00ed zahrady<\/li>\n<li>Pexeso kv\u011btiny<\/li>\n<\/ul>\n<p><strong>Ostatn\u00ed<\/strong><\/p>\n<ul>\n<li>Recyklace materi\u00e1l\u016f<\/li>\n<li>vyu\u017eit\u00ed a u\u017eitek v\u00a0b\u011b\u017en\u00e9m \u017eivot\u011b<\/li>\n<li>Pracovn\u00ed listy k\u00a0t\u00e9matu<\/li>\n<li>P\u0159edmatematick\u00e1 gramotnost<\/li>\n<li>Orientace lev\u00e1 prav\u00e1<\/li>\n<\/ul>\n<p>E.V.V.O.<\/p>\n<p>2.1.1.1.Uv\u011bdom\u011bn\u00ed si souvislosti mezi st\u0159\u00edd\u00e1n\u00ed ro\u010dn\u00edch obdob\u00ed<\/p>\n<p>2.1.2.5.Sezn\u00e1men\u00ed se \u017eivotem a rozmanitost\u00ed zahrady<\/p>\n<p>2.1.4.3.Rozv\u00edjet u d\u011bt\u00ed zku\u0161enosti a dovednosti s p\u011bstov\u00e1n\u00edm<\/p>\n<p>&nbsp;<\/p>\n","protected":false},"excerpt":{"rendered":"<p>T\u00fddenn\u00ed pl\u00e1n 21.-25.3.2022 T\u00e9ma : Jaro \u0165uk\u00e1 na vr\u00e1tka T\u00e9ma t\u00fddne : Jaro na zahr\u00e1dce \u00a0 C\u00edle: sezn\u00e1men\u00ed d\u011bti se zahr\u00e1dkou &nbsp; Komunitn\u00ed kruh Pov\u00edd\u00e1n\u00ed o pro\u017eitc\u00edch z\u00a0v\u00edkendu sezn\u00e1men\u00ed s\u00a0t\u00fddenn\u00edm [&hellip;]<\/p>\n","protected":false},"author":19,"featured_media":0,"comment_status":"open","ping_status":"open","sticky":false,"template":"","format":"standard","meta":{"footnotes":""},"categories":[52],"tags":[],"class_list":["post-6392","post","type-post","status-publish","format-standard","hentry","category-ms-podskolkou-aktuality-zirafky"],"_links":{"self":[{"href":"https:\/\/msjilove.cz\/index.php?rest_route=\/wp\/v2\/posts\/6392","targetHints":{"allow":["GET"]}}],"collection":[{"href":"https:\/\/msjilove.cz\/index.php?rest_route=\/wp\/v2\/posts"}],"about":[{"href":"https:\/\/msjilove.cz\/index.php?rest_route=\/wp\/v2\/types\/post"}],"author":[{"embeddable":true,"href":"https:\/\/msjilove.cz\/index.php?rest_route=\/wp\/v2\/users\/19"}],"replies":[{"embeddable":true,"href":"https:\/\/msjilove.cz\/index.php?rest_route=%2Fwp%2Fv2%2Fcomments&post=6392"}],"version-history":[{"count":2,"href":"https:\/\/msjilove.cz\/index.php?rest_route=\/wp\/v2\/posts\/6392\/revisions"}],"predecessor-version":[{"id":6394,"href":"https:\/\/msjilove.cz\/index.php?rest_route=\/wp\/v2\/posts\/6392\/revisions\/6394"}],"wp:attachment":[{"href":"https:\/\/msjilove.cz\/index.php?rest_route=%2Fwp%2Fv2%2Fmedia&parent=6392"}],"wp:term":[{"taxonomy":"category","embeddable":true,"href":"https:\/\/msjilove.cz\/index.php?rest_route=%2Fwp%2Fv2%2Fcategories&post=6392"},{"taxonomy":"post_tag","embeddable":true,"href":"https:\/\/msjilove.cz\/index.php?rest_route=%2Fwp%2Fv2%2Ftags&post=6392"}],"curies":[{"name":"wp","href":"https:\/\/api.w.org\/{rel}","templated":true}]}}