{"id":6802,"date":"2022-04-18T11:00:22","date_gmt":"2022-04-18T09:00:22","guid":{"rendered":"https:\/\/www.msjilove.cz\/?p=6802"},"modified":"2022-04-18T11:02:22","modified_gmt":"2022-04-18T09:02:22","slug":"plan-navrhovanych-cinnosti-v-tydnu-19-22-4-2022","status":"publish","type":"post","link":"https:\/\/msjilove.cz\/?p=6802","title":{"rendered":"Pl\u00e1n navrhovan\u00fdch \u010dinnost\u00ed v t\u00fddnu 19. \u2013 22. 4. 2022"},"content":{"rendered":"<p>T\u00e9ma: Velikonoce<\/p>\n<p><strong>Podt\u00e9ma: Na\u0161e m\u011bsto, na\u0161e zem\u011b \u2013 \u010cesk\u00e1 republika, Den Zem\u011b<\/strong><\/p>\n<p><u>C\u00edl<\/u>: Upevnit pov\u011bdom\u00ed o m\u011bst\u011b, ve kter\u00e9m \u017eijeme a v\u00fdznamu ekologie pro na\u0161i planetu<\/p>\n<p><strong>\u00a0<\/strong><\/p>\n<p><strong>Komunitn\u00ed kruh:<\/strong><\/p>\n<ul>\n<li>Sd\u00edlen\u00ed z\u00e1\u017eitk\u016f z\u00a0Velikonoc<\/li>\n<li>J\u00edlov\u00e9 u Prahy \u2013 historie a sou\u010dasnost; co v\u00edme o na\u0161em m\u011bst\u011b?<\/li>\n<li>\u010cesk\u00e1 republika \u2013 pr\u00e1ce s\u00a0mapou a atlasem<\/li>\n<li>Den Zem\u011b \u2013 22. 4., diskuze o na\u0161\u00ed planet\u011b, zne\u010di\u0161t\u011bn\u00ed i ekologii \u2013 podpora ochrany \u017eivotn\u00edho prost\u0159ed\u00ed<\/li>\n<\/ul>\n<p><strong>\u00a0<\/strong><\/p>\n<p><strong>T\u011blesn\u00e9 a pohybov\u00e9 \u010dinnosti:<\/strong><\/p>\n<ul>\n<li>D\u011btsk\u00e1 j\u00f3ga \u2013 Lali cvi\u010d\u00ed j\u00f3gu<\/li>\n<li>P\u0159ek\u00e1\u017ekov\u00e1 dr\u00e1ha, lokomo\u010dn\u00ed dovednosti<\/li>\n<li>Cvi\u010den\u00ed s\u00a0overbaly, cvi\u010den\u00ed s\u00a0pad\u00e1kem<\/li>\n<li>R\u00fdmovan\u00e1 rozcvi\u010dka dle R. Such\u00e9<\/li>\n<li>Relaxa\u010dn\u00ed a dechov\u00e1 cvi\u010den\u00ed \u2013 P\u0159\u00edb\u011bhy z\u00a0m\u011bs\u00ed\u010dn\u00ed houpa\u010dky<\/li>\n<\/ul>\n<p><strong>\u00a0<\/strong><\/p>\n<p><strong>Hudebn\u00ed a recita\u010dn\u00ed \u010dinnosti:<\/strong><\/p>\n<ul>\n<li>P\u00edsni\u010dka Na\u0161e zem\u011b kulat\u00e1<\/li>\n<li>P\u00edsni\u010dka Sv\u00e1tek Zem\u011b<\/li>\n<li>B\u00e1sni\u010dka Na\u0161e Zem\u011b, b\u00e1sni\u010dka Moje zem\u011b \u010desk\u00e1<\/li>\n<li>Opakov\u00e1n\u00ed d\u011btsk\u00fdch p\u00edsni\u010dek \u2013 rytmizace hudebn\u00edch n\u00e1stroj\u016f<\/li>\n<\/ul>\n<p>&nbsp;<\/p>\n<p><strong>V\u00fdtvarn\u00e9 a pracovn\u00ed \u010dinnosti:<\/strong><\/p>\n<ul>\n<li>Moje m\u011bsto \u2013 voln\u00e1 technika<\/li>\n<li>Slo\u017eky IZS \u2013 obr\u00e1zky do sout\u011b\u017ee<\/li>\n<li>Planeta Zem\u011b \u2013 vyst\u0159ihov\u00e1n\u00ed, lepen\u00ed, skupinov\u00e1 pr\u00e1ce<\/li>\n<li>Pracovn\u00ed listy \u2013 ochrana \u017eivotn\u00edho prost\u0159ed\u00ed<\/li>\n<\/ul>\n<p>&nbsp;<\/p>\n<p><strong>Nejstar\u0161\u00ed p\u0159ed\u0161kol\u00e1ci:<\/strong><\/p>\n<ul>\n<li>\u010c\u00edseln\u00e1 \u0159ada, v\u00edce x m\u00e9n\u011b x stejn\u011b, t\u0159\u00edd\u011bn\u00ed dle tvar\u016f<\/li>\n<li>Prvn\u00ed a posledn\u00ed hl\u00e1ska ve slov\u011b, obr\u00e1zkov\u00e9 \u010dten\u00ed, spr\u00e1vn\u00e9 u\u017eit\u00ed p\u0159edlo\u017eek<\/li>\n<li>Hled\u00e1n\u00ed rozd\u00edl\u016f a chybn\u00e9ho obr\u00e1zku v\u00a0\u0159ad\u011b<\/li>\n<li>Grafomotorika \u2013 uvoln\u011bn\u00ed z\u00e1p\u011bst\u00ed, spr\u00e1vn\u00fd \u00fachop tu\u017eky a tlaku na podlo\u017eku<\/li>\n<\/ul>\n<p>&nbsp;<\/p>\n<p><strong>EVVO: 2.1.3.2. <\/strong>Sezn\u00e1men\u00ed d\u011bt\u00ed s\u00a0m\u00edstem, kde \u017eij\u00ed (\u010d\u00e1sti m\u011bsta, stavby, pam\u00e1tky historie, doprava)<\/p>\n<p>&nbsp;<\/p>\n<p>&nbsp;<\/p>\n","protected":false},"excerpt":{"rendered":"<p>T\u00e9ma: Velikonoce Podt\u00e9ma: Na\u0161e m\u011bsto, na\u0161e zem\u011b \u2013 \u010cesk\u00e1 republika, Den Zem\u011b C\u00edl: Upevnit pov\u011bdom\u00ed o m\u011bst\u011b, ve kter\u00e9m \u017eijeme a v\u00fdznamu ekologie pro na\u0161i planetu \u00a0 Komunitn\u00ed kruh: Sd\u00edlen\u00ed [&hellip;]<\/p>\n","protected":false},"author":9,"featured_media":0,"comment_status":"open","ping_status":"open","sticky":false,"template":"","format":"standard","meta":{"footnotes":""},"categories":[47],"tags":[],"class_list":["post-6802","post","type-post","status-publish","format-standard","hentry","category-ms-pod-skolkou-aktuality-slunata"],"_links":{"self":[{"href":"https:\/\/msjilove.cz\/index.php?rest_route=\/wp\/v2\/posts\/6802","targetHints":{"allow":["GET"]}}],"collection":[{"href":"https:\/\/msjilove.cz\/index.php?rest_route=\/wp\/v2\/posts"}],"about":[{"href":"https:\/\/msjilove.cz\/index.php?rest_route=\/wp\/v2\/types\/post"}],"author":[{"embeddable":true,"href":"https:\/\/msjilove.cz\/index.php?rest_route=\/wp\/v2\/users\/9"}],"replies":[{"embeddable":true,"href":"https:\/\/msjilove.cz\/index.php?rest_route=%2Fwp%2Fv2%2Fcomments&post=6802"}],"version-history":[{"count":2,"href":"https:\/\/msjilove.cz\/index.php?rest_route=\/wp\/v2\/posts\/6802\/revisions"}],"predecessor-version":[{"id":6804,"href":"https:\/\/msjilove.cz\/index.php?rest_route=\/wp\/v2\/posts\/6802\/revisions\/6804"}],"wp:attachment":[{"href":"https:\/\/msjilove.cz\/index.php?rest_route=%2Fwp%2Fv2%2Fmedia&parent=6802"}],"wp:term":[{"taxonomy":"category","embeddable":true,"href":"https:\/\/msjilove.cz\/index.php?rest_route=%2Fwp%2Fv2%2Fcategories&post=6802"},{"taxonomy":"post_tag","embeddable":true,"href":"https:\/\/msjilove.cz\/index.php?rest_route=%2Fwp%2Fv2%2Ftags&post=6802"}],"curies":[{"name":"wp","href":"https:\/\/api.w.org\/{rel}","templated":true}]}}