{"id":6836,"date":"2022-04-20T07:13:27","date_gmt":"2022-04-20T05:13:27","guid":{"rendered":"https:\/\/www.msjilove.cz\/?p=6836"},"modified":"2022-04-20T13:05:48","modified_gmt":"2022-04-20T11:05:48","slug":"navrh-vzdelavacich-cinnosti-v-tydnu-18-4-22-4-2022","status":"publish","type":"post","link":"https:\/\/msjilove.cz\/?p=6836","title":{"rendered":"N\u00e1vrh vzd\u011bl\u00e1vac\u00edch \u010dinnost\u00ed v t\u00fddnu: 18.4.- 22.4. 2022"},"content":{"rendered":"<p>T\u00e9ma:Velikonoce<br \/>\nPodt\u00e9ma: Na\u0161e m\u011bsto, na\u0161e zem\u011b- \u010cesk\u00e1 republika, Den zem\u011b<br \/>\nC\u00edl: sezn\u00e1men\u00ed se s m\u00edstem kde \u017eiji, jak se star\u00e1me o na\u0161i planetu<\/p>\n<p>Spole\u010dn\u00e9 vzd\u011bl\u00e1v\u00e1n\u00ed a sd\u00edlen\u00ed v rann\u00edm kruhu:<br \/>\n-kalend\u00e1\u0159,po\u010das\u00ed, vypr\u00e1v\u011bn\u00ed z\u00e1\u017eitk\u016f z Velikonoc<br \/>\n-jak se jmenuje m\u011bsto\/vesnice ve kter\u00e9m \u017eijeme,orientace v okol\u00ed bydli\u0161t\u011b a M\u0160<br \/>\n-jak se jmenuje n\u00e1\u0161 st\u00e1t a jeho hlavn\u00ed m\u011bsto<br \/>\n-co ud\u011bl\u00e1me v p\u0159\u00edpad\u011b \u017ee se ztrat\u00edme,mus\u00edme zn\u00e1t sv\u00e9 jm\u00e9no a adresu<br \/>\n-prohl\u00ed\u017een\u00ed knihy o J\u00edlov\u00e9m<br \/>\n&#8211; Den zem\u011b- jak se star\u00e1me o na\u0161i planetu, co m\u016f\u017eeme ud\u011blat aby se n\u00e1m l\u00e9pe a<br \/>\nzdrav\u011bji \u017eilo, jak t\u0159\u00edd\u00edme odpad- p\u0159ipomeneme si barvy kontejner\u016f a co do nich pat\u0159\u00ed<\/p>\n<p>V\u00fdtvarn\u00e9 a pracovn\u00ed \u010dinnosti<br \/>\n-malov\u00e1n\u00ed vodov\u00fdmi barvami -m\u016fj vysn\u011bn\u00fd d\u016fm<br \/>\n-stavba m\u011bsta ze stavebnic<br \/>\n-st\u0159\u00edh\u00e1n\u00ed a lepen\u00ed geometrick\u00fdch tvar\u016f \u2013 m\u011bsto<br \/>\n-slo\u017eky IZS- malba\/kresba obr\u00e1zk\u016f do sout\u011b\u017ee<\/p>\n<p>T\u011blesn\u00e9 a pohybov\u00e9 \u010dinnosti<br \/>\n-vych\u00e1zka po m\u011bst\u011b- prohl\u00e9dneme si v\u00fdznamn\u00e9 m\u011bstsk\u00e9 stavby<br \/>\n-b\u00e1sni\u010dka s pohybem \u2013 d\u011bti chod\u00ed mezi zna\u010dkami. Na cinknut\u00ed zvone\u010dku si d\u011bti<br \/>\nstoupnou na zna\u010dku<br \/>\n-cvi\u010den\u00ed s doprovodem p\u00edsn\u011b: Popel\u00e1\u0159 ,M. R\u016f\u017ei\u010dkov\u00e1<br \/>\n-p\u0159ek\u00e1\u017ekov\u00e1 dr\u00e1ha<\/p>\n<p>Hudebn\u00ed \u010dinnosti,b\u00e1sni\u010dky,\u0159\u00edkadla<br \/>\n-poslech st\u00e1tn\u00ed hymny<br \/>\n&#8211; relaxace p\u0159i poslechu p\u00edsn\u011b: Chv\u00e1l\u00edm t\u011b zem\u011b m\u00e1<br \/>\n&#8211; b\u00e1sni\u010dka s pohybem: Cesta<\/p>\n<p>Logopedick\u00e1 chvilka<br \/>\n&#8211; tich\u00e1 po\u0161ta- spr\u00e1vn\u00e1 v\u00fdslovnost aby n\u00e1m kamar\u00e1d rozum\u011bl<\/p>\n<p>\u010cinnosti pro nejstar\u0161\u00ed p\u0159ed\u0161kol\u00e1ky<br \/>\n-opakov\u00e1n\u00ed geometrick\u00fdch tvar\u016f<br \/>\n-ur\u010dov\u00e1n\u00ed prvn\u00edho p\u00edsmene ve slov\u011b- m\u011bsta \u010cR<br \/>\n-grafomotorika- obtahov\u00e1n\u00ed cesti\u010dky ke spr\u00e1vn\u00e9mu kontejneru<\/p>\n<p>EVVO: 2.1.3.2<br \/>\nCesta:<br \/>\nKampak vede na\u0161e cesta,<br \/>\nvede, vede a\u017e do m\u011bsta.<br \/>\nKampak vede silnice?<br \/>\nVede a\u017e do vesnice.<br \/>\nTam je p\u011bkn\u00fd dome\u010dek,<br \/>\nna n\u011bm mal\u00fd zvone\u010dek.<\/p>\n","protected":false},"excerpt":{"rendered":"<p>T\u00e9ma:Velikonoce Podt\u00e9ma: Na\u0161e m\u011bsto, na\u0161e zem\u011b- \u010cesk\u00e1 republika, Den zem\u011b C\u00edl: sezn\u00e1men\u00ed se s m\u00edstem kde \u017eiji, jak se star\u00e1me o na\u0161i planetu Spole\u010dn\u00e9 vzd\u011bl\u00e1v\u00e1n\u00ed a sd\u00edlen\u00ed v rann\u00edm kruhu: [&hellip;]<\/p>\n","protected":false},"author":17,"featured_media":0,"comment_status":"open","ping_status":"open","sticky":false,"template":"","format":"standard","meta":{"footnotes":""},"categories":[55],"tags":[],"class_list":["post-6836","post","type-post","status-publish","format-standard","hentry","category-ms-podskolkou-aktuality-sovicky"],"_links":{"self":[{"href":"https:\/\/msjilove.cz\/index.php?rest_route=\/wp\/v2\/posts\/6836","targetHints":{"allow":["GET"]}}],"collection":[{"href":"https:\/\/msjilove.cz\/index.php?rest_route=\/wp\/v2\/posts"}],"about":[{"href":"https:\/\/msjilove.cz\/index.php?rest_route=\/wp\/v2\/types\/post"}],"author":[{"embeddable":true,"href":"https:\/\/msjilove.cz\/index.php?rest_route=\/wp\/v2\/users\/17"}],"replies":[{"embeddable":true,"href":"https:\/\/msjilove.cz\/index.php?rest_route=%2Fwp%2Fv2%2Fcomments&post=6836"}],"version-history":[{"count":1,"href":"https:\/\/msjilove.cz\/index.php?rest_route=\/wp\/v2\/posts\/6836\/revisions"}],"predecessor-version":[{"id":6837,"href":"https:\/\/msjilove.cz\/index.php?rest_route=\/wp\/v2\/posts\/6836\/revisions\/6837"}],"wp:attachment":[{"href":"https:\/\/msjilove.cz\/index.php?rest_route=%2Fwp%2Fv2%2Fmedia&parent=6836"}],"wp:term":[{"taxonomy":"category","embeddable":true,"href":"https:\/\/msjilove.cz\/index.php?rest_route=%2Fwp%2Fv2%2Fcategories&post=6836"},{"taxonomy":"post_tag","embeddable":true,"href":"https:\/\/msjilove.cz\/index.php?rest_route=%2Fwp%2Fv2%2Ftags&post=6836"}],"curies":[{"name":"wp","href":"https:\/\/api.w.org\/{rel}","templated":true}]}}