{"id":7420,"date":"2022-05-02T08:05:33","date_gmt":"2022-05-02T06:05:33","guid":{"rendered":"https:\/\/www.msjilove.cz\/?p=7420"},"modified":"2022-05-02T10:13:01","modified_gmt":"2022-05-02T08:13:01","slug":"vsechno-kvete-maj-lasky-cas-2-6-5-2022","status":"publish","type":"post","link":"https:\/\/msjilove.cz\/?p=7420","title":{"rendered":"V\u0161echno kvete, M\u00e1j &#8211; l\u00e1sky \u010das 2. &#8211; 6.5.2022"},"content":{"rendered":"<p><strong>T\u00e9ma: V\u0161echno kvete, M\u00e1j \u2013 l\u00e1sky \u010das<\/strong><\/p>\n<p><strong><u>Podt\u00e9ma: Sv\u00e1tek matek \u2013 rodina 2.5.- 6.5.2022<\/u><\/strong><\/p>\n<p><u>C\u00edl:<\/u> D\u011bti um\u00ed \u0159\u00edct mamince k\u00a0sv\u00e1tku b\u00e1sni\u010dku. Pov\u00eddaj\u00ed o sob\u011b i rodin\u011b<\/p>\n<p><strong>Komunitn\u00ed kruh:<\/strong><\/p>\n<ul>\n<li>Co jsme d\u011blali o v\u00edkendu, sezn\u00e1men\u00ed s pl\u00e1nem na tento t\u00fdden<\/li>\n<li>Ro\u010dn\u00ed obdob\u00ed, dny v t\u00fddnu<\/li>\n<li>Pov\u00edd\u00e1n\u00ed o rodin\u011b, pojmenov\u00e1n\u00ed \u010dlen\u016f rodiny. Prohl\u00ed\u017een\u00ed kn\u00ed\u017eek, koho vid\u00edme na obr\u00e1zku, jak se tv\u00e1\u0159\u00ed.<\/li>\n<li>Maminky maj\u00ed sv\u00e1tek, nau\u010d\u00edme se pro n\u011b b\u00e1sni\u010dku<\/li>\n<\/ul>\n<p>Kdy\u017e se n\u011bco nepovede, i kdy\u017e zlob\u00edm malinko,<\/p>\n<p>m\u00e1\u0161 m\u011b r\u00e1da a j\u00e1 Tebe moje zlat\u00e1 maminko.<\/p>\n<p><strong>T\u011blesn\u00e9 a pohybov\u00e9 \u010dinnosti:<\/strong><\/p>\n<ul>\n<li>Prota\u017een\u00ed cel\u00e9ho t\u011bla<\/li>\n<li>Cvi\u010den\u00ed s\u00a0m\u00ed\u010dem \u2013 p\u0159ed\u00e1v\u00e1n\u00ed m\u00ed\u010de nad hlavou, bokem\u2026. h\u00e1zen\u00ed m\u00ed\u010dem\u2026<\/li>\n<li>Hra na ko\u010dku a my\u0161 \u2013 d\u011bti (my\u0161i) sed\u00ed v\u00a0kruhu v\u00a0tureck\u00e9m sedu. Vybran\u00e9 d\u00edt\u011b (ko\u010dka) sed\u00ed na bobku uprost\u0159ed. My\u0161i maj\u00ed na kolenou polo\u017een\u00e9 ruce dlan\u011bmi vzh\u016fru. Ko\u010dka se rychle ot\u00e1\u010d\u00ed a sna\u017e\u00ed se n\u011bkterou my\u0161 pl\u00e1cnout do dlan\u00ed. My\u0161i maj\u00ed za \u00fakol rukama ucuknout. Pokud my\u0161ka nebyla dostate\u010dn\u011b pohotov\u00e1 a neucukla, vym\u011bn\u00ed si s\u00a0ko\u010dkou role.<\/li>\n<li>Opi\u010d\u00ed dr\u00e1ha<\/li>\n<\/ul>\n<p><strong>Hudebn\u00ed a recita\u010dn\u00ed \u010dinnosti:<\/strong><\/p>\n<ul>\n<li>P\u00edsni\u010dka \u2013 Mamince, Na\u0161e m\u00e1ma<\/li>\n<li>B\u00e1sni\u010dka \u2013 P\u0159\u00e1n\u00ed &#8211; K\u00a0 tv\u00e9mu sv\u00e1tku chci ti p\u0159\u00e1t, a\u0165 t\u011b ka\u017ed\u00fd m\u00e1 moc r\u00e1d. A\u0165 z\u00e1\u0159\u00ed\u0161 jak slun\u00ed\u010dko a slou\u017e\u00ed ti zdrav\u00ed\u010dko. A\u0165 t\u011b \u0161t\u011bst\u00ed prov\u00e1z\u00ed a pranic ti nesch\u00e1z\u00ed.<\/li>\n<\/ul>\n<p><strong>V\u00fdtvarn\u00e9 a pracovn\u00ed \u010dinnosti:<\/strong><\/p>\n<ul>\n<li>V\u00fdroba p\u0159\u00e1n\u00ed pro maminku<\/li>\n<li>T\u00e9matick\u00e9 omalov\u00e1nky, pracovn\u00ed listy<\/li>\n<li>Spole\u010dn\u00e1 pr\u00e1ce de t\u00e9matu rodina<\/li>\n<\/ul>\n<p><strong>Nejstar\u0161\u00ed p\u0159ed\u0161kol\u00e1ci:<\/strong><\/p>\n<ul>\n<li>Po\u010d\u00edt\u00e1n\u00ed<\/li>\n<li>V\u00edce X m\u00e9n\u011b<\/li>\n<li>Pracovn\u00ed listy pro p\u0159ed\u0161kol\u00e1ky \u2013 najdi rozd\u00edl<\/li>\n<li><\/li>\n<\/ul>\n","protected":false},"excerpt":{"rendered":"<p>T\u00e9ma: V\u0161echno kvete, M\u00e1j \u2013 l\u00e1sky \u010das Podt\u00e9ma: Sv\u00e1tek matek \u2013 rodina 2.5.- 6.5.2022 C\u00edl: D\u011bti um\u00ed \u0159\u00edct mamince k\u00a0sv\u00e1tku b\u00e1sni\u010dku. Pov\u00eddaj\u00ed o sob\u011b i rodin\u011b Komunitn\u00ed kruh: Co jsme [&hellip;]<\/p>\n","protected":false},"author":8,"featured_media":0,"comment_status":"open","ping_status":"open","sticky":false,"template":"","format":"standard","meta":{"footnotes":""},"categories":[47],"tags":[],"class_list":["post-7420","post","type-post","status-publish","format-standard","hentry","category-ms-pod-skolkou-aktuality-slunata"],"_links":{"self":[{"href":"https:\/\/msjilove.cz\/index.php?rest_route=\/wp\/v2\/posts\/7420","targetHints":{"allow":["GET"]}}],"collection":[{"href":"https:\/\/msjilove.cz\/index.php?rest_route=\/wp\/v2\/posts"}],"about":[{"href":"https:\/\/msjilove.cz\/index.php?rest_route=\/wp\/v2\/types\/post"}],"author":[{"embeddable":true,"href":"https:\/\/msjilove.cz\/index.php?rest_route=\/wp\/v2\/users\/8"}],"replies":[{"embeddable":true,"href":"https:\/\/msjilove.cz\/index.php?rest_route=%2Fwp%2Fv2%2Fcomments&post=7420"}],"version-history":[{"count":1,"href":"https:\/\/msjilove.cz\/index.php?rest_route=\/wp\/v2\/posts\/7420\/revisions"}],"predecessor-version":[{"id":7421,"href":"https:\/\/msjilove.cz\/index.php?rest_route=\/wp\/v2\/posts\/7420\/revisions\/7421"}],"wp:attachment":[{"href":"https:\/\/msjilove.cz\/index.php?rest_route=%2Fwp%2Fv2%2Fmedia&parent=7420"}],"wp:term":[{"taxonomy":"category","embeddable":true,"href":"https:\/\/msjilove.cz\/index.php?rest_route=%2Fwp%2Fv2%2Fcategories&post=7420"},{"taxonomy":"post_tag","embeddable":true,"href":"https:\/\/msjilove.cz\/index.php?rest_route=%2Fwp%2Fv2%2Ftags&post=7420"}],"curies":[{"name":"wp","href":"https:\/\/api.w.org\/{rel}","templated":true}]}}